{"id":8772,"date":"2016-09-05T09:50:21","date_gmt":"2016-09-05T09:50:21","guid":{"rendered":"https:\/\/www.eninter.com\/estudo-de-caso-substituicao-de-dois-elevadores-por-um-elevador\/"},"modified":"2025-01-08T11:44:43","modified_gmt":"2025-01-08T11:44:43","slug":"estudo-de-caso-substituicao-de-dois-elevadores-por-um-elevador","status":"publish","type":"post","link":"https:\/\/www.eninter.com\/pt-pt\/estudo-de-caso-substituicao-de-dois-elevadores-por-um-elevador\/","title":{"rendered":"Estudo de caso: Substitui\u00e7\u00e3o de dois elevadores por um elevador"},"content":{"rendered":"<div>\u00c9 comum ver comunidades nos anos 70 que tinham dois pequenos elevadores para facilitar a vida dos jovens residentes que compravam a sua propriedade nessa altura. Atualmente, esses jovens t\u00eam mais 36 anos e alguns deles precisam de uma cadeira de rodas ou de uma porta que se abra automaticamente.<\/div>\n<div><\/div>\n<div>\u00c9 o caso de um edif\u00edcio em Val\u00eancia, onde <a href=\"http:\/\/www.eninter.com\/\" target=\"_blank\" rel=\"noopener\">a Ascensores Eninter<\/a> realizou <a href=\"https:\/\/www.eninter.com\/pt-pt\/modernizacao\/\" target=\"_blank\" rel=\"noopener\">um<\/a> projeto de remodela\u00e7\u00e3o para substituir dois pequenos elevadores por um elevador grande e acess\u00edvel que pudesse servir pessoas com mobilidade reduzida.<\/div>\n<div><\/div>\n<div>Os trabalhos que realiz\u00e1mos foram:<\/div>\n<ul>\n<li>Prepara\u00e7\u00e3o do projeto.<\/li>\n<li><strong>Desmontagem de<\/strong> dois elevadores para 4 pessoas.<\/li>\n<li><strong>Demoli\u00e7\u00e3o<\/strong> do muro de separa\u00e7\u00e3o entre os dois elevadores, escava\u00e7\u00e3o do po\u00e7o e da laje para aumentar o po\u00e7o do elevador.<\/li>\n<li><strong>Instala\u00e7\u00e3o<\/strong> de um elevador para 8 pessoas com carro Melbourne.<\/li>\n<li>Cria\u00e7\u00e3o de um <strong>nicho<\/strong> para instalar as novas portas com uma passagem livre de 900 mm com acabamentos em m\u00e1rmore para os caixilhos.<\/li>\n<li>E o melhor de tudo, fizemo-lo em <strong>5 semanas<\/strong>. Um tempo recorde para todo o trabalho que tinha de ser feito.<\/li>\n<\/ul>\n<div>Pode ver o antes e o depois:<\/div>\n<div> <\/div>\n<div><\/div>\n<div><\/div>\n<div><\/div>\n<div><\/div>\n<div><\/div>\n","protected":false},"excerpt":{"rendered":"<p>\u00c9 comum ver comunidades nos anos 70 que tinham dois pequenos elevadores para facilitar a vida dos jovens residentes que compravam a sua propriedade nessa altura. Atualmente, esses jovens t\u00eam mais 36 anos e alguns deles precisam de uma cadeira de rodas ou de uma porta que se abra automaticamente. \u00c9 o caso de um [&hellip;]<\/p>\n","protected":false},"author":3,"featured_media":0,"comment_status":"closed","ping_status":"closed","sticky":false,"template":"","format":"standard","meta":{"_acf_changed":false,"content-type":"","footnotes":""},"categories":[218,215],"tags":[],"class_list":["post-8772","post","type-post","status-publish","format-standard","hentry","category-curiosidades-pt-pt","category-elevadores"],"acf":[],"_yoast_wpseo_focuskw":"renova\u00e7\u00e3o de elevadores","_yoast_wpseo_metadesc":null,"yoast_head":"<!-- This site is optimized with the Yoast SEO Premium plugin v21.6 (Yoast SEO v27.2) - https:\/\/yoast.com\/product\/yoast-seo-premium-wordpress\/ -->\n<title>Remodela\u00e7\u00e3o de elevador: Substitui\u00e7\u00e3o de elevador acess\u00edvel 2 para 1 : Eninter Ascensores<\/title>\n<meta name=\"robots\" content=\"index, follow, max-snippet:-1, max-image-preview:large, max-video-preview:-1\" \/>\n<link rel=\"canonical\" href=\"https:\/\/www.eninter.com\/pt-pt\/estudo-de-caso-substituicao-de-dois-elevadores-por-um-elevador\/\" \/>\n<meta property=\"og:locale\" content=\"pt_PT\" \/>\n<meta property=\"og:type\" content=\"article\" \/>\n<meta property=\"og:title\" content=\"Estudo de caso: Substitui\u00e7\u00e3o de dois elevadores por um elevador\" \/>\n<meta property=\"og:description\" content=\"\u00c9 comum ver comunidades nos anos 70 que tinham dois pequenos elevadores para facilitar a vida dos jovens residentes que compravam a sua propriedade nessa altura. Atualmente, esses jovens t\u00eam mais 36 anos e alguns deles precisam de uma cadeira de rodas ou de uma porta que se abra automaticamente. \u00c9 o caso de um [&hellip;]\" \/>\n<meta property=\"og:url\" content=\"https:\/\/www.eninter.com\/pt-pt\/estudo-de-caso-substituicao-de-dois-elevadores-por-um-elevador\/\" \/>\n<meta property=\"og:site_name\" content=\"ENINTER\" \/>\n<meta property=\"article:publisher\" content=\"https:\/\/www.facebook.com\/EninterAscensores\" \/>\n<meta property=\"article:published_time\" content=\"2016-09-05T09:50:21+00:00\" \/>\n<meta property=\"article:modified_time\" content=\"2025-01-08T11:44:43+00:00\" \/>\n<meta name=\"author\" content=\"Albert Puig\" \/>\n<meta name=\"twitter:card\" content=\"summary_large_image\" \/>\n<meta name=\"twitter:creator\" content=\"@Eninter\" \/>\n<meta name=\"twitter:site\" content=\"@Eninter\" \/>\n<meta name=\"twitter:label1\" content=\"Escrito por\" \/>\n\t<meta name=\"twitter:data1\" content=\"Albert Puig\" \/>\n\t<meta name=\"twitter:label2\" content=\"Tempo estimado de leitura\" \/>\n\t<meta name=\"twitter:data2\" content=\"1 minuto\" \/>\n<!-- \/ Yoast SEO Premium plugin. -->","yoast_head_json":{"title":"Remodela\u00e7\u00e3o de elevador: Substitui\u00e7\u00e3o de elevador acess\u00edvel 2 para 1 : Eninter Ascensores","robots":{"index":"index","follow":"follow","max-snippet":"max-snippet:-1","max-image-preview":"max-image-preview:large","max-video-preview":"max-video-preview:-1"},"canonical":"https:\/\/www.eninter.com\/pt-pt\/estudo-de-caso-substituicao-de-dois-elevadores-por-um-elevador\/","og_locale":"pt_PT","og_type":"article","og_title":"Estudo de caso: Substitui\u00e7\u00e3o de dois elevadores por um elevador","og_description":"\u00c9 comum ver comunidades nos anos 70 que tinham dois pequenos elevadores para facilitar a vida dos jovens residentes que compravam a sua propriedade nessa altura. Atualmente, esses jovens t\u00eam mais 36 anos e alguns deles precisam de uma cadeira de rodas ou de uma porta que se abra automaticamente. \u00c9 o caso de um [&hellip;]","og_url":"https:\/\/www.eninter.com\/pt-pt\/estudo-de-caso-substituicao-de-dois-elevadores-por-um-elevador\/","og_site_name":"ENINTER","article_publisher":"https:\/\/www.facebook.com\/EninterAscensores","article_published_time":"2016-09-05T09:50:21+00:00","article_modified_time":"2025-01-08T11:44:43+00:00","author":"Albert Puig","twitter_card":"summary_large_image","twitter_creator":"@Eninter","twitter_site":"@Eninter","twitter_misc":{"Escrito por":"Albert Puig","Tempo estimado de leitura":"1 minuto"},"schema":{"@context":"https:\/\/schema.org","@graph":[{"@type":"Article","@id":"https:\/\/www.eninter.com\/pt-pt\/estudo-de-caso-substituicao-de-dois-elevadores-por-um-elevador\/#article","isPartOf":{"@id":"https:\/\/www.eninter.com\/pt-pt\/estudo-de-caso-substituicao-de-dois-elevadores-por-um-elevador\/"},"author":{"name":"Albert Puig","@id":"https:\/\/www.eninter.com\/pt-pt\/#\/schema\/person\/e6178c261ac4210884c0e0264dd59043"},"headline":"Estudo de caso: Substitui\u00e7\u00e3o de dois elevadores por um elevador","datePublished":"2016-09-05T09:50:21+00:00","dateModified":"2025-01-08T11:44:43+00:00","mainEntityOfPage":{"@id":"https:\/\/www.eninter.com\/pt-pt\/estudo-de-caso-substituicao-de-dois-elevadores-por-um-elevador\/"},"wordCount":200,"publisher":{"@id":"https:\/\/www.eninter.com\/pt-pt\/#organization"},"articleSection":["Curiosidades","Elevadores"],"inLanguage":"pt-PT"},{"@type":"WebPage","@id":"https:\/\/www.eninter.com\/pt-pt\/estudo-de-caso-substituicao-de-dois-elevadores-por-um-elevador\/","url":"https:\/\/www.eninter.com\/pt-pt\/estudo-de-caso-substituicao-de-dois-elevadores-por-um-elevador\/","name":"Remodela\u00e7\u00e3o de elevador: Substitui\u00e7\u00e3o de elevador acess\u00edvel 2 para 1 : Eninter Ascensores","isPartOf":{"@id":"https:\/\/www.eninter.com\/pt-pt\/#website"},"datePublished":"2016-09-05T09:50:21+00:00","dateModified":"2025-01-08T11:44:43+00:00","breadcrumb":{"@id":"https:\/\/www.eninter.com\/pt-pt\/estudo-de-caso-substituicao-de-dois-elevadores-por-um-elevador\/#breadcrumb"},"inLanguage":"pt-PT","potentialAction":[{"@type":"ReadAction","target":["https:\/\/www.eninter.com\/pt-pt\/estudo-de-caso-substituicao-de-dois-elevadores-por-um-elevador\/"]}]},{"@type":"BreadcrumbList","@id":"https:\/\/www.eninter.com\/pt-pt\/estudo-de-caso-substituicao-de-dois-elevadores-por-um-elevador\/#breadcrumb","itemListElement":[{"@type":"ListItem","position":1,"name":"Portada","item":"https:\/\/www.eninter.com\/pt-pt\/"},{"@type":"ListItem","position":2,"name":"Estudo de caso: Substitui\u00e7\u00e3o de dois elevadores por um elevador"}]},{"@type":"WebSite","@id":"https:\/\/www.eninter.com\/pt-pt\/#website","url":"https:\/\/www.eninter.com\/pt-pt\/","name":"ENINTER","description":"Mantenimiento de Ascensores Multimarca","publisher":{"@id":"https:\/\/www.eninter.com\/pt-pt\/#organization"},"potentialAction":[{"@type":"SearchAction","target":{"@type":"EntryPoint","urlTemplate":"https:\/\/www.eninter.com\/pt-pt\/?s={search_term_string}"},"query-input":{"@type":"PropertyValueSpecification","valueRequired":true,"valueName":"search_term_string"}}],"inLanguage":"pt-PT"},{"@type":"Organization","@id":"https:\/\/www.eninter.com\/pt-pt\/#organization","name":"Eniter","url":"https:\/\/www.eninter.com\/pt-pt\/","logo":{"@type":"ImageObject","inLanguage":"pt-PT","@id":"https:\/\/www.eninter.com\/pt-pt\/#\/schema\/logo\/image\/","url":"https:\/\/www.eninter.com\/wp-content\/uploads\/2023\/08\/logo-eninter-png.png","contentUrl":"https:\/\/www.eninter.com\/wp-content\/uploads\/2023\/08\/logo-eninter-png.png","width":600,"height":340,"caption":"Eniter"},"image":{"@id":"https:\/\/www.eninter.com\/pt-pt\/#\/schema\/logo\/image\/"},"sameAs":["https:\/\/www.facebook.com\/EninterAscensores","https:\/\/x.com\/Eninter","https:\/\/www.instagram.com\/eninterascensores\/","https:\/\/www.youtube.com\/user\/ascensoreseninter"]},{"@type":"Person","@id":"https:\/\/www.eninter.com\/pt-pt\/#\/schema\/person\/e6178c261ac4210884c0e0264dd59043","name":"Albert Puig","image":{"@type":"ImageObject","inLanguage":"pt-PT","@id":"https:\/\/secure.gravatar.com\/avatar\/583d07f3f1036f58d0e44e873586278b582179a16b27a5b3951504e9ee001c06?s=96&d=mm&r=g","url":"https:\/\/secure.gravatar.com\/avatar\/583d07f3f1036f58d0e44e873586278b582179a16b27a5b3951504e9ee001c06?s=96&d=mm&r=g","contentUrl":"https:\/\/secure.gravatar.com\/avatar\/583d07f3f1036f58d0e44e873586278b582179a16b27a5b3951504e9ee001c06?s=96&d=mm&r=g","caption":"Albert Puig"}}]}},"_links":{"self":[{"href":"https:\/\/www.eninter.com\/pt-pt\/wp-json\/wp\/v2\/posts\/8772","targetHints":{"allow":["GET"]}}],"collection":[{"href":"https:\/\/www.eninter.com\/pt-pt\/wp-json\/wp\/v2\/posts"}],"about":[{"href":"https:\/\/www.eninter.com\/pt-pt\/wp-json\/wp\/v2\/types\/post"}],"author":[{"embeddable":true,"href":"https:\/\/www.eninter.com\/pt-pt\/wp-json\/wp\/v2\/users\/3"}],"replies":[{"embeddable":true,"href":"https:\/\/www.eninter.com\/pt-pt\/wp-json\/wp\/v2\/comments?post=8772"}],"version-history":[{"count":0,"href":"https:\/\/www.eninter.com\/pt-pt\/wp-json\/wp\/v2\/posts\/8772\/revisions"}],"wp:attachment":[{"href":"https:\/\/www.eninter.com\/pt-pt\/wp-json\/wp\/v2\/media?parent=8772"}],"wp:term":[{"taxonomy":"category","embeddable":true,"href":"https:\/\/www.eninter.com\/pt-pt\/wp-json\/wp\/v2\/categories?post=8772"},{"taxonomy":"post_tag","embeddable":true,"href":"https:\/\/www.eninter.com\/pt-pt\/wp-json\/wp\/v2\/tags?post=8772"}],"curies":[{"name":"wp","href":"https:\/\/api.w.org\/{rel}","templated":true}]}}