{"id":8775,"date":"2016-06-17T09:36:55","date_gmt":"2016-06-17T09:36:55","guid":{"rendered":"https:\/\/www.eninter.com\/subsidios-aos-elevadores-continuam-em-barcelona\/"},"modified":"2023-12-15T10:02:00","modified_gmt":"2023-12-15T10:02:00","slug":"subsidios-aos-elevadores-continuam-em-barcelona","status":"publish","type":"post","link":"https:\/\/www.eninter.com\/pt-pt\/subsidios-aos-elevadores-continuam-em-barcelona\/","title":{"rendered":"Subs\u00eddios aos elevadores continuam em Barcelona"},"content":{"rendered":"<p>Como j\u00e1 inform\u00e1mos h\u00e1 alguns meses sobre as <a href=\"https:\/\/www.eninter.com\/blog\/subvenciones-ascensores-barcelona\/\" target=\"_blank\" rel=\"noopener\">subven\u00e7\u00f5es concedidas em Barcelona<\/a> para a reabilita\u00e7\u00e3o de elevadores, hoje gostar\u00edamos de lhe trazer novidades neste dom\u00ednio.<\/p>\n<h2>Novas subven\u00e7\u00f5es de 50%<\/h2>\n<p>Conforme noticiado no <a href=\"http:\/\/www.elperiodico.com\/es\/noticias\/barcelona\/barcelona-dara-ayudas-accesibilidad-19000-edificios-mas-cuatro-plantas-sin-ascensor-5111210\" target=\"_blank\" rel=\"nofollow noopener\">elperiodico.com<\/a>, a C\u00e2mara Municipal vai atribuir subs\u00eddios de 50% para a <a href=\"https:\/\/www.eninter.com\/pt-pt\/elevadores\/?utm_source=blog&#038;utm_medium=post&#038;utm_campaign=BlogEninter\" target=\"_blank\" rel=\"noopener\">instala\u00e7\u00e3o de elevadores<\/a> em habita\u00e7\u00f5es com pelo menos 4 pisos.<\/p>\n<p>Para a comunidade, representa uma grande poupan\u00e7a e, ao mesmo tempo, permite que todos os vizinhos aumentem o valor das suas casas e, acima de tudo, ganhem em qualidade de vida.<\/p>\n<h2>Os elevadores, um fator-chave<\/h2>\n<p>Tal como se pode ler na not\u00edcia acima referida, os ascensores s\u00e3o um fator determinante para definir a popula\u00e7\u00e3o de cada bairro.<\/p>\n<p>Porqu\u00ea? H\u00e1 duas raz\u00f5es:<\/p>\n<ul>\n<li>Permitem que as pessoas idosas permane\u00e7am mais tempo na mesma habita\u00e7\u00e3o sem terem de se mudar devido aos problemas de desloca\u00e7\u00e3o dentro do edif\u00edcio.<\/li>\n<li>Do mesmo modo, os casais que decidem constituir fam\u00edlia n\u00e3o t\u00eam obst\u00e1culos que compliquem a vida quotidiana quando os filhos s\u00e3o mais novos.<\/li>\n<\/ul>\n<p>Assim, os elevadores perpetuam a popula\u00e7\u00e3o do bairro.<\/p>\n<h2>Gest\u00e3o das subven\u00e7\u00f5es em Barcelona<\/h2>\n<p>Para obter informa\u00e7\u00f5es sobre os subs\u00eddios \u00e0 habita\u00e7\u00e3o, deve dirigir-se ao <a href=\"http:\/\/www.bcn.cat\/consorcihabitatge\/es\/home.html\" target=\"_blank\" rel=\"noopener\">Consorci de l&#8217;Habitatge de Barcelona (Cons\u00f3rcio da Habita\u00e7\u00e3o de Barcelona<\/a> ), que \u00e9 o organismo que gere estes subs\u00eddios.<\/p>\n","protected":false},"excerpt":{"rendered":"<p>Como j\u00e1 inform\u00e1mos h\u00e1 alguns meses sobre as subven\u00e7\u00f5es concedidas em Barcelona para a reabilita\u00e7\u00e3o de elevadores, hoje gostar\u00edamos de lhe trazer novidades neste dom\u00ednio. Novas subven\u00e7\u00f5es de 50% Conforme noticiado no elperiodico.com, a C\u00e2mara Municipal vai atribuir subs\u00eddios de 50% para a instala\u00e7\u00e3o de elevadores em habita\u00e7\u00f5es com pelo menos 4 pisos. Para a [&hellip;]<\/p>\n","protected":false},"author":3,"featured_media":8020,"comment_status":"closed","ping_status":"closed","sticky":false,"template":"","format":"standard","meta":{"_acf_changed":false,"content-type":"","footnotes":""},"categories":[215],"tags":[],"class_list":["post-8775","post","type-post","status-publish","format-standard","has-post-thumbnail","hentry","category-elevadores"],"acf":[],"_yoast_wpseo_focuskw":"subs\u00eddios para ascensores","_yoast_wpseo_metadesc":null,"yoast_head":"<!-- This site is optimized with the Yoast SEO Premium plugin v21.6 (Yoast SEO v27.2) - https:\/\/yoast.com\/product\/yoast-seo-premium-wordpress\/ -->\n<title>Subs\u00eddios para ascensores em Barcelona | Eninter<\/title>\n<meta name=\"robots\" content=\"index, follow, max-snippet:-1, max-image-preview:large, max-video-preview:-1\" \/>\n<link rel=\"canonical\" href=\"https:\/\/www.eninter.com\/pt-pt\/subsidios-aos-elevadores-continuam-em-barcelona\/\" \/>\n<meta property=\"og:locale\" content=\"pt_PT\" \/>\n<meta property=\"og:type\" content=\"article\" \/>\n<meta property=\"og:title\" content=\"Subs\u00eddios aos elevadores continuam em Barcelona\" \/>\n<meta property=\"og:description\" content=\"Como j\u00e1 inform\u00e1mos h\u00e1 alguns meses sobre as subven\u00e7\u00f5es concedidas em Barcelona para a reabilita\u00e7\u00e3o de elevadores, hoje gostar\u00edamos de lhe trazer novidades neste dom\u00ednio. Novas subven\u00e7\u00f5es de 50% Conforme noticiado no elperiodico.com, a C\u00e2mara Municipal vai atribuir subs\u00eddios de 50% para a instala\u00e7\u00e3o de elevadores em habita\u00e7\u00f5es com pelo menos 4 pisos. Para a [&hellip;]\" \/>\n<meta property=\"og:url\" content=\"https:\/\/www.eninter.com\/pt-pt\/subsidios-aos-elevadores-continuam-em-barcelona\/\" \/>\n<meta property=\"og:site_name\" content=\"ENINTER\" \/>\n<meta property=\"article:publisher\" content=\"https:\/\/www.facebook.com\/EninterAscensores\" \/>\n<meta property=\"article:published_time\" content=\"2016-06-17T09:36:55+00:00\" \/>\n<meta property=\"article:modified_time\" content=\"2023-12-15T10:02:00+00:00\" \/>\n<meta property=\"og:image\" content=\"https:\/\/www.eninter.com\/wp-content\/uploads\/2023\/08\/Mantenimiento-de-ascensores-en-Barcelona.webp\" \/>\n\t<meta property=\"og:image:width\" content=\"533\" \/>\n\t<meta property=\"og:image:height\" content=\"324\" \/>\n\t<meta property=\"og:image:type\" content=\"image\/webp\" \/>\n<meta name=\"author\" content=\"Albert Puig\" \/>\n<meta name=\"twitter:card\" content=\"summary_large_image\" \/>\n<meta name=\"twitter:creator\" content=\"@Eninter\" \/>\n<meta name=\"twitter:site\" content=\"@Eninter\" \/>\n<meta name=\"twitter:label1\" content=\"Escrito por\" \/>\n\t<meta name=\"twitter:data1\" content=\"Albert Puig\" \/>\n\t<meta name=\"twitter:label2\" content=\"Tempo estimado de leitura\" \/>\n\t<meta name=\"twitter:data2\" content=\"1 minuto\" \/>\n<!-- \/ Yoast SEO Premium plugin. -->","yoast_head_json":{"title":"Subs\u00eddios para ascensores em Barcelona | Eninter","robots":{"index":"index","follow":"follow","max-snippet":"max-snippet:-1","max-image-preview":"max-image-preview:large","max-video-preview":"max-video-preview:-1"},"canonical":"https:\/\/www.eninter.com\/pt-pt\/subsidios-aos-elevadores-continuam-em-barcelona\/","og_locale":"pt_PT","og_type":"article","og_title":"Subs\u00eddios aos elevadores continuam em Barcelona","og_description":"Como j\u00e1 inform\u00e1mos h\u00e1 alguns meses sobre as subven\u00e7\u00f5es concedidas em Barcelona para a reabilita\u00e7\u00e3o de elevadores, hoje gostar\u00edamos de lhe trazer novidades neste dom\u00ednio. Novas subven\u00e7\u00f5es de 50% Conforme noticiado no elperiodico.com, a C\u00e2mara Municipal vai atribuir subs\u00eddios de 50% para a instala\u00e7\u00e3o de elevadores em habita\u00e7\u00f5es com pelo menos 4 pisos. Para a [&hellip;]","og_url":"https:\/\/www.eninter.com\/pt-pt\/subsidios-aos-elevadores-continuam-em-barcelona\/","og_site_name":"ENINTER","article_publisher":"https:\/\/www.facebook.com\/EninterAscensores","article_published_time":"2016-06-17T09:36:55+00:00","article_modified_time":"2023-12-15T10:02:00+00:00","og_image":[{"width":533,"height":324,"url":"https:\/\/www.eninter.com\/wp-content\/uploads\/2023\/08\/Mantenimiento-de-ascensores-en-Barcelona.webp","type":"image\/webp"}],"author":"Albert Puig","twitter_card":"summary_large_image","twitter_creator":"@Eninter","twitter_site":"@Eninter","twitter_misc":{"Escrito por":"Albert Puig","Tempo estimado de leitura":"1 minuto"},"schema":{"@context":"https:\/\/schema.org","@graph":[{"@type":"Article","@id":"https:\/\/www.eninter.com\/pt-pt\/subsidios-aos-elevadores-continuam-em-barcelona\/#article","isPartOf":{"@id":"https:\/\/www.eninter.com\/pt-pt\/subsidios-aos-elevadores-continuam-em-barcelona\/"},"author":{"name":"Albert Puig","@id":"https:\/\/www.eninter.com\/pt-pt\/#\/schema\/person\/e6178c261ac4210884c0e0264dd59043"},"headline":"Subs\u00eddios aos elevadores continuam em Barcelona","datePublished":"2016-06-17T09:36:55+00:00","dateModified":"2023-12-15T10:02:00+00:00","mainEntityOfPage":{"@id":"https:\/\/www.eninter.com\/pt-pt\/subsidios-aos-elevadores-continuam-em-barcelona\/"},"wordCount":240,"publisher":{"@id":"https:\/\/www.eninter.com\/pt-pt\/#organization"},"image":{"@id":"https:\/\/www.eninter.com\/pt-pt\/subsidios-aos-elevadores-continuam-em-barcelona\/#primaryimage"},"thumbnailUrl":"https:\/\/www.eninter.com\/wp-content\/uploads\/2023\/08\/Mantenimiento-de-ascensores-en-Barcelona.webp","articleSection":["Elevadores"],"inLanguage":"pt-PT"},{"@type":"WebPage","@id":"https:\/\/www.eninter.com\/pt-pt\/subsidios-aos-elevadores-continuam-em-barcelona\/","url":"https:\/\/www.eninter.com\/pt-pt\/subsidios-aos-elevadores-continuam-em-barcelona\/","name":"Subs\u00eddios para ascensores em Barcelona | Eninter","isPartOf":{"@id":"https:\/\/www.eninter.com\/pt-pt\/#website"},"primaryImageOfPage":{"@id":"https:\/\/www.eninter.com\/pt-pt\/subsidios-aos-elevadores-continuam-em-barcelona\/#primaryimage"},"image":{"@id":"https:\/\/www.eninter.com\/pt-pt\/subsidios-aos-elevadores-continuam-em-barcelona\/#primaryimage"},"thumbnailUrl":"https:\/\/www.eninter.com\/wp-content\/uploads\/2023\/08\/Mantenimiento-de-ascensores-en-Barcelona.webp","datePublished":"2016-06-17T09:36:55+00:00","dateModified":"2023-12-15T10:02:00+00:00","breadcrumb":{"@id":"https:\/\/www.eninter.com\/pt-pt\/subsidios-aos-elevadores-continuam-em-barcelona\/#breadcrumb"},"inLanguage":"pt-PT","potentialAction":[{"@type":"ReadAction","target":["https:\/\/www.eninter.com\/pt-pt\/subsidios-aos-elevadores-continuam-em-barcelona\/"]}]},{"@type":"ImageObject","inLanguage":"pt-PT","@id":"https:\/\/www.eninter.com\/pt-pt\/subsidios-aos-elevadores-continuam-em-barcelona\/#primaryimage","url":"https:\/\/www.eninter.com\/wp-content\/uploads\/2023\/08\/Mantenimiento-de-ascensores-en-Barcelona.webp","contentUrl":"https:\/\/www.eninter.com\/wp-content\/uploads\/2023\/08\/Mantenimiento-de-ascensores-en-Barcelona.webp","width":533,"height":324},{"@type":"BreadcrumbList","@id":"https:\/\/www.eninter.com\/pt-pt\/subsidios-aos-elevadores-continuam-em-barcelona\/#breadcrumb","itemListElement":[{"@type":"ListItem","position":1,"name":"Portada","item":"https:\/\/www.eninter.com\/pt-pt\/"},{"@type":"ListItem","position":2,"name":"Subs\u00eddios aos elevadores continuam em Barcelona"}]},{"@type":"WebSite","@id":"https:\/\/www.eninter.com\/pt-pt\/#website","url":"https:\/\/www.eninter.com\/pt-pt\/","name":"ENINTER","description":"Mantenimiento de Ascensores Multimarca","publisher":{"@id":"https:\/\/www.eninter.com\/pt-pt\/#organization"},"potentialAction":[{"@type":"SearchAction","target":{"@type":"EntryPoint","urlTemplate":"https:\/\/www.eninter.com\/pt-pt\/?s={search_term_string}"},"query-input":{"@type":"PropertyValueSpecification","valueRequired":true,"valueName":"search_term_string"}}],"inLanguage":"pt-PT"},{"@type":"Organization","@id":"https:\/\/www.eninter.com\/pt-pt\/#organization","name":"Eniter","url":"https:\/\/www.eninter.com\/pt-pt\/","logo":{"@type":"ImageObject","inLanguage":"pt-PT","@id":"https:\/\/www.eninter.com\/pt-pt\/#\/schema\/logo\/image\/","url":"https:\/\/www.eninter.com\/wp-content\/uploads\/2023\/08\/logo-eninter-png.png","contentUrl":"https:\/\/www.eninter.com\/wp-content\/uploads\/2023\/08\/logo-eninter-png.png","width":600,"height":340,"caption":"Eniter"},"image":{"@id":"https:\/\/www.eninter.com\/pt-pt\/#\/schema\/logo\/image\/"},"sameAs":["https:\/\/www.facebook.com\/EninterAscensores","https:\/\/x.com\/Eninter","https:\/\/www.instagram.com\/eninterascensores\/","https:\/\/www.youtube.com\/user\/ascensoreseninter"]},{"@type":"Person","@id":"https:\/\/www.eninter.com\/pt-pt\/#\/schema\/person\/e6178c261ac4210884c0e0264dd59043","name":"Albert Puig","image":{"@type":"ImageObject","inLanguage":"pt-PT","@id":"https:\/\/secure.gravatar.com\/avatar\/583d07f3f1036f58d0e44e873586278b582179a16b27a5b3951504e9ee001c06?s=96&d=mm&r=g","url":"https:\/\/secure.gravatar.com\/avatar\/583d07f3f1036f58d0e44e873586278b582179a16b27a5b3951504e9ee001c06?s=96&d=mm&r=g","contentUrl":"https:\/\/secure.gravatar.com\/avatar\/583d07f3f1036f58d0e44e873586278b582179a16b27a5b3951504e9ee001c06?s=96&d=mm&r=g","caption":"Albert Puig"}}]}},"_links":{"self":[{"href":"https:\/\/www.eninter.com\/pt-pt\/wp-json\/wp\/v2\/posts\/8775","targetHints":{"allow":["GET"]}}],"collection":[{"href":"https:\/\/www.eninter.com\/pt-pt\/wp-json\/wp\/v2\/posts"}],"about":[{"href":"https:\/\/www.eninter.com\/pt-pt\/wp-json\/wp\/v2\/types\/post"}],"author":[{"embeddable":true,"href":"https:\/\/www.eninter.com\/pt-pt\/wp-json\/wp\/v2\/users\/3"}],"replies":[{"embeddable":true,"href":"https:\/\/www.eninter.com\/pt-pt\/wp-json\/wp\/v2\/comments?post=8775"}],"version-history":[{"count":0,"href":"https:\/\/www.eninter.com\/pt-pt\/wp-json\/wp\/v2\/posts\/8775\/revisions"}],"wp:featuredmedia":[{"embeddable":true,"href":"https:\/\/www.eninter.com\/pt-pt\/wp-json\/wp\/v2\/media\/8020"}],"wp:attachment":[{"href":"https:\/\/www.eninter.com\/pt-pt\/wp-json\/wp\/v2\/media?parent=8775"}],"wp:term":[{"taxonomy":"category","embeddable":true,"href":"https:\/\/www.eninter.com\/pt-pt\/wp-json\/wp\/v2\/categories?post=8775"},{"taxonomy":"post_tag","embeddable":true,"href":"https:\/\/www.eninter.com\/pt-pt\/wp-json\/wp\/v2\/tags?post=8775"}],"curies":[{"name":"wp","href":"https:\/\/api.w.org\/{rel}","templated":true}]}}