{"id":8783,"date":"2016-02-23T12:01:54","date_gmt":"2016-02-23T12:01:54","guid":{"rendered":"https:\/\/www.eninter.com\/elevadores-de-fachada\/"},"modified":"2025-01-08T11:43:44","modified_gmt":"2025-01-08T11:43:44","slug":"elevadores-de-fachada","status":"publish","type":"post","link":"https:\/\/www.eninter.com\/pt-pt\/elevadores-de-fachada\/","title":{"rendered":"Elevadores de fachada"},"content":{"rendered":"<p>Com o objetivo de alcan\u00e7ar um  <strong>poupan\u00e7a de energia<\/strong>  progressiva sem negligenciar a  <strong>efici\u00eancia<\/strong>a  <strong>elevadores na fachada.  <\/strong>  A Espanha est\u00e1 a levar a cabo uma s\u00e9rie de tarefas com o objetivo de implementar as directivas que a Uni\u00e3o Europeia desenvolveu nos \u00faltimos anos em rela\u00e7\u00e3o \u00e0 pol\u00edtica energ\u00e9tica do Tratado de 2020.<\/p>\n<p>Atrav\u00e9s da aprova\u00e7\u00e3o de <strong>regulamentos<\/strong> estatais, regionais e locais, a Espanha lan\u00e7ou um plano para a <a href=\"https:\/\/www.eninter.com\/pt-pt\/elevadores\/?utm_source=blog&#038;utm_medium=post&#038;utm_campaign=BlogEninter\" target=\"_blank\" rel=\"noopener\">instala\u00e7\u00e3o de elevadores <\/a>em fachadas e p\u00e1tios, uma tarefa que, segundo os especialistas, tamb\u00e9m aumenta o valor do edif\u00edcio, gerando muitas vantagens.<\/p>\n<p>Este tipo de elevador de fachada \u00e9 um estilo de constru\u00e7\u00e3o que permite o acesso a pessoas idosas, pessoas com mobilidade reduzida ou simplesmente a quem precisa de o utilizar e carregar peso, real\u00e7ando o conceito de condi\u00e7\u00f5es m\u00ednimas de acessibilidade de um edif\u00edcio.<\/p>\n<h2><strong>Pr\u00e9-requisitos para a instala\u00e7\u00e3o de um elevador de fachada<\/strong><\/h2>\n<p><strong>Consultar a regulamenta\u00e7\u00e3o<\/strong> tanto do planeamento urbano como das condi\u00e7\u00f5es t\u00e9cnicas e administrativas a considerar para a correcta constru\u00e7\u00e3o e implementa\u00e7\u00e3o de torres de elevador no exterior de edif\u00edcios de habita\u00e7\u00e3o, no caso de ocuparem um espa\u00e7o verde ou uma via p\u00fablica.<\/p>\n<p>Existem ainda alguns requisitos relativamente aos <strong>acabamentos exteriores<\/strong> das torres dos ascensores, que devem estar sempre de acordo com os materiais dos edif\u00edcios existentes. O objetivo \u00e9<strong> integr\u00e1-los no ambiente<\/strong> sem danificar o pavimento e, sobretudo, devem ter uma solu\u00e7\u00e3o vi\u00e1vel para a drenagem das \u00e1guas, tudo isto com um design est\u00e9tico e harmonioso que n\u00e3o prejudique a cidade.<\/p>\n<h2><strong>Os elevadores de fachada beneficiam a qualidade de vida dos vizinhos.<\/strong><\/h2>\n<p>A instala\u00e7\u00e3o de elevadores de fachada est\u00e1 a tornar-se cada vez mais f\u00e1cil gra\u00e7as ao apoio das autarquias locais que emitem decretos municipais sobre o assunto, permitindo a utiliza\u00e7\u00e3o de terrenos p\u00fablicos, mas tamb\u00e9m estabelecendo revis\u00f5es peri\u00f3dicas de  <a href=\"http:\/\/www.eninter.com\/mantenimiento?utm_source=blog&amp;utm_medium=post&amp;utm_campaign=BlogEninter\" target=\"_blank\" rel=\"noopener\">manuten\u00e7\u00e3o  <\/a>para edif\u00edcios de habita\u00e7\u00e3o, edif\u00edcios industriais e locais p\u00fablicos com grande aflu\u00eancia de pessoas.<\/p>\n<p>&nbsp;<\/p>\n<p>Tudo o que foi feito at\u00e9 agora pelas autoridades das diferentes Comunidades em Espanha foram medidas que favoreceram a generaliza\u00e7\u00e3o do elevador em fachadas como um servi\u00e7o essencial tanto em  <strong>edif\u00edcios existentes, bem como em novos locais de constru\u00e7\u00e3o<\/strong>Este \u00e9 um elemento fundamental que beneficia a qualidade de vida dos residentes.  <a href=\"https:\/\/www.eninter.com\/pt-pt\/contacto\/?utm_source=blog&#038;utm_medium=menu&#038;utm_content=contacto&#038;utm_campaign=BlogEninter\" target=\"_blank\" rel=\"noopener\">Deseja mais informa\u00e7\u00f5es?<\/a><\/p>\n","protected":false},"excerpt":{"rendered":"<p>Com o objetivo de alcan\u00e7ar um poupan\u00e7a de energia progressiva sem negligenciar a efici\u00eanciaa elevadores na fachada. A Espanha est\u00e1 a levar a cabo uma s\u00e9rie de tarefas com o objetivo de implementar as directivas que a Uni\u00e3o Europeia desenvolveu nos \u00faltimos anos em rela\u00e7\u00e3o \u00e0 pol\u00edtica energ\u00e9tica do Tratado de 2020. Atrav\u00e9s da aprova\u00e7\u00e3o [&hellip;]<\/p>\n","protected":false},"author":3,"featured_media":7908,"comment_status":"closed","ping_status":"closed","sticky":false,"template":"","format":"standard","meta":{"_acf_changed":false,"content-type":"","footnotes":""},"categories":[215],"tags":[],"class_list":["post-8783","post","type-post","status-publish","format-standard","has-post-thumbnail","hentry","category-elevadores"],"acf":[],"_yoast_wpseo_focuskw":"elevadores de fachada","_yoast_wpseo_metadesc":"Descubra o que s\u00e3o os elevadores de fachada no blogue de refer\u00eancia do sector dos elevadores em Espanha. Um tipo de elevador que tem vindo a aumentar nos \u00faltimos anos.","yoast_head":"<!-- This site is optimized with the Yoast SEO Premium plugin v21.6 (Yoast SEO v27.2) - https:\/\/yoast.com\/product\/yoast-seo-premium-wordpress\/ -->\n<title>Elevadores em fachada | Blog Ascensores Eninter<\/title>\n<meta name=\"description\" content=\"Descubra o que s\u00e3o os elevadores de fachada no blogue de refer\u00eancia do sector dos elevadores em Espanha. Um tipo de elevador que tem vindo a aumentar nos \u00faltimos anos.\" \/>\n<meta name=\"robots\" content=\"index, follow, max-snippet:-1, max-image-preview:large, max-video-preview:-1\" \/>\n<link rel=\"canonical\" href=\"https:\/\/www.eninter.com\/pt-pt\/elevadores-de-fachada\/\" \/>\n<meta property=\"og:locale\" content=\"pt_PT\" \/>\n<meta property=\"og:type\" content=\"article\" \/>\n<meta property=\"og:title\" content=\"Elevadores de fachada\" \/>\n<meta property=\"og:description\" content=\"Descubra o que s\u00e3o os elevadores de fachada no blogue de refer\u00eancia do sector dos elevadores em Espanha. Um tipo de elevador que tem vindo a aumentar nos \u00faltimos anos.\" \/>\n<meta property=\"og:url\" content=\"https:\/\/www.eninter.com\/pt-pt\/elevadores-de-fachada\/\" \/>\n<meta property=\"og:site_name\" content=\"ENINTER\" \/>\n<meta property=\"article:publisher\" content=\"https:\/\/www.facebook.com\/EninterAscensores\" \/>\n<meta property=\"article:published_time\" content=\"2016-02-23T12:01:54+00:00\" \/>\n<meta property=\"article:modified_time\" content=\"2025-01-08T11:43:44+00:00\" \/>\n<meta property=\"og:image\" content=\"https:\/\/www.eninter.com\/wp-content\/uploads\/2023\/08\/cabina-panoramico.jpeg\" \/>\n\t<meta property=\"og:image:width\" content=\"487\" \/>\n\t<meta property=\"og:image:height\" content=\"487\" \/>\n\t<meta property=\"og:image:type\" content=\"image\/jpeg\" \/>\n<meta name=\"author\" content=\"Albert Puig\" \/>\n<meta name=\"twitter:card\" content=\"summary_large_image\" \/>\n<meta name=\"twitter:creator\" content=\"@Eninter\" \/>\n<meta name=\"twitter:site\" content=\"@Eninter\" \/>\n<meta name=\"twitter:label1\" content=\"Escrito por\" \/>\n\t<meta name=\"twitter:data1\" content=\"Albert Puig\" \/>\n\t<meta name=\"twitter:label2\" content=\"Tempo estimado de leitura\" \/>\n\t<meta name=\"twitter:data2\" content=\"2 minutos\" \/>\n<!-- \/ Yoast SEO Premium plugin. -->","yoast_head_json":{"title":"Elevadores em fachada | Blog Ascensores Eninter","description":"Descubra o que s\u00e3o os elevadores de fachada no blogue de refer\u00eancia do sector dos elevadores em Espanha. Um tipo de elevador que tem vindo a aumentar nos \u00faltimos anos.","robots":{"index":"index","follow":"follow","max-snippet":"max-snippet:-1","max-image-preview":"max-image-preview:large","max-video-preview":"max-video-preview:-1"},"canonical":"https:\/\/www.eninter.com\/pt-pt\/elevadores-de-fachada\/","og_locale":"pt_PT","og_type":"article","og_title":"Elevadores de fachada","og_description":"Descubra o que s\u00e3o os elevadores de fachada no blogue de refer\u00eancia do sector dos elevadores em Espanha. Um tipo de elevador que tem vindo a aumentar nos \u00faltimos anos.","og_url":"https:\/\/www.eninter.com\/pt-pt\/elevadores-de-fachada\/","og_site_name":"ENINTER","article_publisher":"https:\/\/www.facebook.com\/EninterAscensores","article_published_time":"2016-02-23T12:01:54+00:00","article_modified_time":"2025-01-08T11:43:44+00:00","og_image":[{"width":487,"height":487,"url":"https:\/\/www.eninter.com\/wp-content\/uploads\/2023\/08\/cabina-panoramico.jpeg","type":"image\/jpeg"}],"author":"Albert Puig","twitter_card":"summary_large_image","twitter_creator":"@Eninter","twitter_site":"@Eninter","twitter_misc":{"Escrito por":"Albert Puig","Tempo estimado de leitura":"2 minutos"},"schema":{"@context":"https:\/\/schema.org","@graph":[{"@type":"Article","@id":"https:\/\/www.eninter.com\/pt-pt\/elevadores-de-fachada\/#article","isPartOf":{"@id":"https:\/\/www.eninter.com\/pt-pt\/elevadores-de-fachada\/"},"author":{"name":"Albert Puig","@id":"https:\/\/www.eninter.com\/pt-pt\/#\/schema\/person\/e6178c261ac4210884c0e0264dd59043"},"headline":"Elevadores de fachada","datePublished":"2016-02-23T12:01:54+00:00","dateModified":"2025-01-08T11:43:44+00:00","mainEntityOfPage":{"@id":"https:\/\/www.eninter.com\/pt-pt\/elevadores-de-fachada\/"},"wordCount":417,"publisher":{"@id":"https:\/\/www.eninter.com\/pt-pt\/#organization"},"image":{"@id":"https:\/\/www.eninter.com\/pt-pt\/elevadores-de-fachada\/#primaryimage"},"thumbnailUrl":"https:\/\/www.eninter.com\/wp-content\/uploads\/2023\/08\/cabina-panoramico.jpeg","articleSection":["Elevadores"],"inLanguage":"pt-PT"},{"@type":"WebPage","@id":"https:\/\/www.eninter.com\/pt-pt\/elevadores-de-fachada\/","url":"https:\/\/www.eninter.com\/pt-pt\/elevadores-de-fachada\/","name":"Elevadores em fachada | Blog Ascensores Eninter","isPartOf":{"@id":"https:\/\/www.eninter.com\/pt-pt\/#website"},"primaryImageOfPage":{"@id":"https:\/\/www.eninter.com\/pt-pt\/elevadores-de-fachada\/#primaryimage"},"image":{"@id":"https:\/\/www.eninter.com\/pt-pt\/elevadores-de-fachada\/#primaryimage"},"thumbnailUrl":"https:\/\/www.eninter.com\/wp-content\/uploads\/2023\/08\/cabina-panoramico.jpeg","datePublished":"2016-02-23T12:01:54+00:00","dateModified":"2025-01-08T11:43:44+00:00","description":"Descubra o que s\u00e3o os elevadores de fachada no blogue de refer\u00eancia do sector dos elevadores em Espanha. Um tipo de elevador que tem vindo a aumentar nos \u00faltimos anos.","breadcrumb":{"@id":"https:\/\/www.eninter.com\/pt-pt\/elevadores-de-fachada\/#breadcrumb"},"inLanguage":"pt-PT","potentialAction":[{"@type":"ReadAction","target":["https:\/\/www.eninter.com\/pt-pt\/elevadores-de-fachada\/"]}]},{"@type":"ImageObject","inLanguage":"pt-PT","@id":"https:\/\/www.eninter.com\/pt-pt\/elevadores-de-fachada\/#primaryimage","url":"https:\/\/www.eninter.com\/wp-content\/uploads\/2023\/08\/cabina-panoramico.jpeg","contentUrl":"https:\/\/www.eninter.com\/wp-content\/uploads\/2023\/08\/cabina-panoramico.jpeg","width":487,"height":487,"caption":"cabina-panoramico"},{"@type":"BreadcrumbList","@id":"https:\/\/www.eninter.com\/pt-pt\/elevadores-de-fachada\/#breadcrumb","itemListElement":[{"@type":"ListItem","position":1,"name":"Portada","item":"https:\/\/www.eninter.com\/pt-pt\/"},{"@type":"ListItem","position":2,"name":"Elevadores de fachada"}]},{"@type":"WebSite","@id":"https:\/\/www.eninter.com\/pt-pt\/#website","url":"https:\/\/www.eninter.com\/pt-pt\/","name":"ENINTER","description":"Mantenimiento de Ascensores Multimarca","publisher":{"@id":"https:\/\/www.eninter.com\/pt-pt\/#organization"},"potentialAction":[{"@type":"SearchAction","target":{"@type":"EntryPoint","urlTemplate":"https:\/\/www.eninter.com\/pt-pt\/?s={search_term_string}"},"query-input":{"@type":"PropertyValueSpecification","valueRequired":true,"valueName":"search_term_string"}}],"inLanguage":"pt-PT"},{"@type":"Organization","@id":"https:\/\/www.eninter.com\/pt-pt\/#organization","name":"Eniter","url":"https:\/\/www.eninter.com\/pt-pt\/","logo":{"@type":"ImageObject","inLanguage":"pt-PT","@id":"https:\/\/www.eninter.com\/pt-pt\/#\/schema\/logo\/image\/","url":"https:\/\/www.eninter.com\/wp-content\/uploads\/2023\/08\/logo-eninter-png.png","contentUrl":"https:\/\/www.eninter.com\/wp-content\/uploads\/2023\/08\/logo-eninter-png.png","width":600,"height":340,"caption":"Eniter"},"image":{"@id":"https:\/\/www.eninter.com\/pt-pt\/#\/schema\/logo\/image\/"},"sameAs":["https:\/\/www.facebook.com\/EninterAscensores","https:\/\/x.com\/Eninter","https:\/\/www.instagram.com\/eninterascensores\/","https:\/\/www.youtube.com\/user\/ascensoreseninter"]},{"@type":"Person","@id":"https:\/\/www.eninter.com\/pt-pt\/#\/schema\/person\/e6178c261ac4210884c0e0264dd59043","name":"Albert Puig","image":{"@type":"ImageObject","inLanguage":"pt-PT","@id":"https:\/\/secure.gravatar.com\/avatar\/583d07f3f1036f58d0e44e873586278b582179a16b27a5b3951504e9ee001c06?s=96&d=mm&r=g","url":"https:\/\/secure.gravatar.com\/avatar\/583d07f3f1036f58d0e44e873586278b582179a16b27a5b3951504e9ee001c06?s=96&d=mm&r=g","contentUrl":"https:\/\/secure.gravatar.com\/avatar\/583d07f3f1036f58d0e44e873586278b582179a16b27a5b3951504e9ee001c06?s=96&d=mm&r=g","caption":"Albert Puig"}}]}},"_links":{"self":[{"href":"https:\/\/www.eninter.com\/pt-pt\/wp-json\/wp\/v2\/posts\/8783","targetHints":{"allow":["GET"]}}],"collection":[{"href":"https:\/\/www.eninter.com\/pt-pt\/wp-json\/wp\/v2\/posts"}],"about":[{"href":"https:\/\/www.eninter.com\/pt-pt\/wp-json\/wp\/v2\/types\/post"}],"author":[{"embeddable":true,"href":"https:\/\/www.eninter.com\/pt-pt\/wp-json\/wp\/v2\/users\/3"}],"replies":[{"embeddable":true,"href":"https:\/\/www.eninter.com\/pt-pt\/wp-json\/wp\/v2\/comments?post=8783"}],"version-history":[{"count":0,"href":"https:\/\/www.eninter.com\/pt-pt\/wp-json\/wp\/v2\/posts\/8783\/revisions"}],"wp:featuredmedia":[{"embeddable":true,"href":"https:\/\/www.eninter.com\/pt-pt\/wp-json\/wp\/v2\/media\/7908"}],"wp:attachment":[{"href":"https:\/\/www.eninter.com\/pt-pt\/wp-json\/wp\/v2\/media?parent=8783"}],"wp:term":[{"taxonomy":"category","embeddable":true,"href":"https:\/\/www.eninter.com\/pt-pt\/wp-json\/wp\/v2\/categories?post=8783"},{"taxonomy":"post_tag","embeddable":true,"href":"https:\/\/www.eninter.com\/pt-pt\/wp-json\/wp\/v2\/tags?post=8783"}],"curies":[{"name":"wp","href":"https:\/\/api.w.org\/{rel}","templated":true}]}}