{"id":8790,"date":"2015-10-08T10:50:21","date_gmt":"2015-10-08T10:50:21","guid":{"rendered":"https:\/\/www.eninter.com\/subsidios-para-ascensores-em-barcelona\/"},"modified":"2023-12-15T10:01:49","modified_gmt":"2023-12-15T10:01:49","slug":"subsidios-para-ascensores-em-barcelona","status":"publish","type":"post","link":"https:\/\/www.eninter.com\/pt-pt\/subsidios-para-ascensores-em-barcelona\/","title":{"rendered":"Subs\u00eddios para ascensores em Barcelona"},"content":{"rendered":"<h2><strong>Est\u00e1 a pensar em renovar o elevador do seu edif\u00edcio?<\/strong><\/h2>\n<p>Da Eninter Ascensores temos muito boas not\u00edcias para vos dar:<\/p>\n<p>Gostar\u00edamos de informar que o convite \u00e0 apresenta\u00e7\u00e3o de candidaturas a subven\u00e7\u00f5es para a <strong>renova\u00e7\u00e3o de elevadores<\/strong> na \u00c1rea Metropolitana de Barcelona prorrogou o prazo para a apresenta\u00e7\u00e3o de relat\u00f3rios de adequa\u00e7\u00e3o at\u00e9 <strong>30 de novembro de 2015<\/strong>. O prazo para apresenta\u00e7\u00e3o de pedidos de ajuda financeira termina a 29 de janeiro de 2016.<\/p>\n<h2><strong>Quanto \u00e9 que se pode poupar com subs\u00eddios?<\/strong><\/h2>\n<p>Estas subven\u00e7\u00f5es podem ascender a uma ajuda financeira de <strong>at\u00e9 50% do investimento<\/strong> nas obras que consistem em melhorar a <strong>acessibilidade<\/strong> do edif\u00edcio.<\/p>\n<h2><strong>Onde posso obter informa\u00e7\u00f5es sobre como candidatar-me a subven\u00e7\u00f5es?<\/strong><\/h2>\n<p>Neste <a href=\"http:\/\/www.cmh.cat\/web\/cmh\/ajuts\/programes\/programa-rehabilitacio-2015\" target=\"_blank\" rel=\"noopener\">link<\/a> (Web do Cons\u00f3rcio de Habita\u00e7\u00e3o de Barcelona) encontrar\u00e1 toda a informa\u00e7\u00e3o: documenta\u00e7\u00e3o, requisitos, prazos&#8230; para resolver todas as suas d\u00favidas e poder <a href=\"https:\/\/www.eninter.com\/pt-pt\/modernizacao\/?utm_source=blog&#038;utm_medium=post&#038;utm_campaign=BlogEninter\" target=\"_blank\" rel=\"noopener\"><strong>remodelar o elevador<\/strong> <\/a>com um investimento menor.<\/p>\n<p>Relembramos (esta informa\u00e7\u00e3o tamb\u00e9m se encontra na liga\u00e7\u00e3o anterior) que s\u00e3o necess\u00e1rios mais dois documentos para se candidatar a ac\u00e7\u00f5es de acessibilidade:<\/p>\n<ol>\n<li>Um <strong>termo<\/strong> de responsabilidade que inclua os dados solicitados pelo Minist\u00e9rio das Obras P\u00fablicas para a justifica\u00e7\u00e3o da subven\u00e7\u00e3o de acordo com o modelo normalizado que ser\u00e1 fornecido pelo Cons\u00f3rcio Habitacional AMB.<\/li>\n<li>Um <strong>certificado<\/strong> de acordo da comunidade de propriet\u00e1rios indicando se as instala\u00e7\u00f5es participam ou n\u00e3o nos custos das obras.<\/li>\n<\/ol>\n<p>N\u00e3o perca esta oportunidade!<\/p>\n","protected":false},"excerpt":{"rendered":"<p>Est\u00e1 a pensar em renovar o elevador do seu edif\u00edcio? Da Eninter Ascensores temos muito boas not\u00edcias para vos dar: Gostar\u00edamos de informar que o convite \u00e0 apresenta\u00e7\u00e3o de candidaturas a subven\u00e7\u00f5es para a renova\u00e7\u00e3o de elevadores na \u00c1rea Metropolitana de Barcelona prorrogou o prazo para a apresenta\u00e7\u00e3o de relat\u00f3rios de adequa\u00e7\u00e3o at\u00e9 30 de [&hellip;]<\/p>\n","protected":false},"author":3,"featured_media":8020,"comment_status":"open","ping_status":"open","sticky":false,"template":"","format":"standard","meta":{"_acf_changed":false,"content-type":"","footnotes":""},"categories":[215],"tags":[],"class_list":["post-8790","post","type-post","status-publish","format-standard","has-post-thumbnail","hentry","category-elevadores"],"acf":[],"_yoast_wpseo_focuskw":"subs\u00eddios para ascensores barcelona","_yoast_wpseo_metadesc":"A Eninter Ascensores fornece-lhe informa\u00e7\u00f5es sobre os subs\u00eddios para a reabilita\u00e7\u00e3o de ascensores na \u00e1rea metropolitana de Barcelona.","yoast_head":"<!-- This site is optimized with the Yoast SEO Premium plugin v21.6 (Yoast SEO v27.2) - https:\/\/yoast.com\/product\/yoast-seo-premium-wordpress\/ -->\n<title>Subven\u00e7\u00f5es Ascensores Barcelona | Blog Eninter<\/title>\n<meta name=\"description\" content=\"A Eninter Ascensores fornece-lhe informa\u00e7\u00f5es sobre os subs\u00eddios para a reabilita\u00e7\u00e3o de ascensores na \u00e1rea metropolitana de Barcelona.\" \/>\n<meta name=\"robots\" content=\"index, follow, max-snippet:-1, max-image-preview:large, max-video-preview:-1\" \/>\n<link rel=\"canonical\" href=\"https:\/\/www.eninter.com\/pt-pt\/subsidios-para-ascensores-em-barcelona\/\" \/>\n<meta property=\"og:locale\" content=\"pt_PT\" \/>\n<meta property=\"og:type\" content=\"article\" \/>\n<meta property=\"og:title\" content=\"Subs\u00eddios para ascensores em Barcelona\" \/>\n<meta property=\"og:description\" content=\"A Eninter Ascensores fornece-lhe informa\u00e7\u00f5es sobre os subs\u00eddios para a reabilita\u00e7\u00e3o de ascensores na \u00e1rea metropolitana de Barcelona.\" \/>\n<meta property=\"og:url\" content=\"https:\/\/www.eninter.com\/pt-pt\/subsidios-para-ascensores-em-barcelona\/\" \/>\n<meta property=\"og:site_name\" content=\"ENINTER\" \/>\n<meta property=\"article:publisher\" content=\"https:\/\/www.facebook.com\/EninterAscensores\" \/>\n<meta property=\"article:published_time\" content=\"2015-10-08T10:50:21+00:00\" \/>\n<meta property=\"article:modified_time\" content=\"2023-12-15T10:01:49+00:00\" \/>\n<meta property=\"og:image\" content=\"https:\/\/www.eninter.com\/wp-content\/uploads\/2023\/08\/Mantenimiento-de-ascensores-en-Barcelona.webp\" \/>\n\t<meta property=\"og:image:width\" content=\"533\" \/>\n\t<meta property=\"og:image:height\" content=\"324\" \/>\n\t<meta property=\"og:image:type\" content=\"image\/webp\" \/>\n<meta name=\"author\" content=\"Albert Puig\" \/>\n<meta name=\"twitter:card\" content=\"summary_large_image\" \/>\n<meta name=\"twitter:creator\" content=\"@Eninter\" \/>\n<meta name=\"twitter:site\" content=\"@Eninter\" \/>\n<meta name=\"twitter:label1\" content=\"Escrito por\" \/>\n\t<meta name=\"twitter:data1\" content=\"Albert Puig\" \/>\n\t<meta name=\"twitter:label2\" content=\"Tempo estimado de leitura\" \/>\n\t<meta name=\"twitter:data2\" content=\"1 minuto\" \/>\n<!-- \/ Yoast SEO Premium plugin. -->","yoast_head_json":{"title":"Subven\u00e7\u00f5es Ascensores Barcelona | Blog Eninter","description":"A Eninter Ascensores fornece-lhe informa\u00e7\u00f5es sobre os subs\u00eddios para a reabilita\u00e7\u00e3o de ascensores na \u00e1rea metropolitana de Barcelona.","robots":{"index":"index","follow":"follow","max-snippet":"max-snippet:-1","max-image-preview":"max-image-preview:large","max-video-preview":"max-video-preview:-1"},"canonical":"https:\/\/www.eninter.com\/pt-pt\/subsidios-para-ascensores-em-barcelona\/","og_locale":"pt_PT","og_type":"article","og_title":"Subs\u00eddios para ascensores em Barcelona","og_description":"A Eninter Ascensores fornece-lhe informa\u00e7\u00f5es sobre os subs\u00eddios para a reabilita\u00e7\u00e3o de ascensores na \u00e1rea metropolitana de Barcelona.","og_url":"https:\/\/www.eninter.com\/pt-pt\/subsidios-para-ascensores-em-barcelona\/","og_site_name":"ENINTER","article_publisher":"https:\/\/www.facebook.com\/EninterAscensores","article_published_time":"2015-10-08T10:50:21+00:00","article_modified_time":"2023-12-15T10:01:49+00:00","og_image":[{"width":533,"height":324,"url":"https:\/\/www.eninter.com\/wp-content\/uploads\/2023\/08\/Mantenimiento-de-ascensores-en-Barcelona.webp","type":"image\/webp"}],"author":"Albert Puig","twitter_card":"summary_large_image","twitter_creator":"@Eninter","twitter_site":"@Eninter","twitter_misc":{"Escrito por":"Albert Puig","Tempo estimado de leitura":"1 minuto"},"schema":{"@context":"https:\/\/schema.org","@graph":[{"@type":"Article","@id":"https:\/\/www.eninter.com\/pt-pt\/subsidios-para-ascensores-em-barcelona\/#article","isPartOf":{"@id":"https:\/\/www.eninter.com\/pt-pt\/subsidios-para-ascensores-em-barcelona\/"},"author":{"name":"Albert Puig","@id":"https:\/\/www.eninter.com\/pt-pt\/#\/schema\/person\/e6178c261ac4210884c0e0264dd59043"},"headline":"Subs\u00eddios para ascensores em Barcelona","datePublished":"2015-10-08T10:50:21+00:00","dateModified":"2023-12-15T10:01:49+00:00","mainEntityOfPage":{"@id":"https:\/\/www.eninter.com\/pt-pt\/subsidios-para-ascensores-em-barcelona\/"},"wordCount":256,"commentCount":0,"publisher":{"@id":"https:\/\/www.eninter.com\/pt-pt\/#organization"},"image":{"@id":"https:\/\/www.eninter.com\/pt-pt\/subsidios-para-ascensores-em-barcelona\/#primaryimage"},"thumbnailUrl":"https:\/\/www.eninter.com\/wp-content\/uploads\/2023\/08\/Mantenimiento-de-ascensores-en-Barcelona.webp","articleSection":["Elevadores"],"inLanguage":"pt-PT","potentialAction":[{"@type":"CommentAction","name":"Comment","target":["https:\/\/www.eninter.com\/pt-pt\/subsidios-para-ascensores-em-barcelona\/#respond"]}]},{"@type":"WebPage","@id":"https:\/\/www.eninter.com\/pt-pt\/subsidios-para-ascensores-em-barcelona\/","url":"https:\/\/www.eninter.com\/pt-pt\/subsidios-para-ascensores-em-barcelona\/","name":"Subven\u00e7\u00f5es Ascensores Barcelona | Blog Eninter","isPartOf":{"@id":"https:\/\/www.eninter.com\/pt-pt\/#website"},"primaryImageOfPage":{"@id":"https:\/\/www.eninter.com\/pt-pt\/subsidios-para-ascensores-em-barcelona\/#primaryimage"},"image":{"@id":"https:\/\/www.eninter.com\/pt-pt\/subsidios-para-ascensores-em-barcelona\/#primaryimage"},"thumbnailUrl":"https:\/\/www.eninter.com\/wp-content\/uploads\/2023\/08\/Mantenimiento-de-ascensores-en-Barcelona.webp","datePublished":"2015-10-08T10:50:21+00:00","dateModified":"2023-12-15T10:01:49+00:00","description":"A Eninter Ascensores fornece-lhe informa\u00e7\u00f5es sobre os subs\u00eddios para a reabilita\u00e7\u00e3o de ascensores na \u00e1rea metropolitana de Barcelona.","breadcrumb":{"@id":"https:\/\/www.eninter.com\/pt-pt\/subsidios-para-ascensores-em-barcelona\/#breadcrumb"},"inLanguage":"pt-PT","potentialAction":[{"@type":"ReadAction","target":["https:\/\/www.eninter.com\/pt-pt\/subsidios-para-ascensores-em-barcelona\/"]}]},{"@type":"ImageObject","inLanguage":"pt-PT","@id":"https:\/\/www.eninter.com\/pt-pt\/subsidios-para-ascensores-em-barcelona\/#primaryimage","url":"https:\/\/www.eninter.com\/wp-content\/uploads\/2023\/08\/Mantenimiento-de-ascensores-en-Barcelona.webp","contentUrl":"https:\/\/www.eninter.com\/wp-content\/uploads\/2023\/08\/Mantenimiento-de-ascensores-en-Barcelona.webp","width":533,"height":324},{"@type":"BreadcrumbList","@id":"https:\/\/www.eninter.com\/pt-pt\/subsidios-para-ascensores-em-barcelona\/#breadcrumb","itemListElement":[{"@type":"ListItem","position":1,"name":"Portada","item":"https:\/\/www.eninter.com\/pt-pt\/"},{"@type":"ListItem","position":2,"name":"Subs\u00eddios para ascensores em Barcelona"}]},{"@type":"WebSite","@id":"https:\/\/www.eninter.com\/pt-pt\/#website","url":"https:\/\/www.eninter.com\/pt-pt\/","name":"ENINTER","description":"Mantenimiento de Ascensores Multimarca","publisher":{"@id":"https:\/\/www.eninter.com\/pt-pt\/#organization"},"potentialAction":[{"@type":"SearchAction","target":{"@type":"EntryPoint","urlTemplate":"https:\/\/www.eninter.com\/pt-pt\/?s={search_term_string}"},"query-input":{"@type":"PropertyValueSpecification","valueRequired":true,"valueName":"search_term_string"}}],"inLanguage":"pt-PT"},{"@type":"Organization","@id":"https:\/\/www.eninter.com\/pt-pt\/#organization","name":"Eniter","url":"https:\/\/www.eninter.com\/pt-pt\/","logo":{"@type":"ImageObject","inLanguage":"pt-PT","@id":"https:\/\/www.eninter.com\/pt-pt\/#\/schema\/logo\/image\/","url":"https:\/\/www.eninter.com\/wp-content\/uploads\/2023\/08\/logo-eninter-png.png","contentUrl":"https:\/\/www.eninter.com\/wp-content\/uploads\/2023\/08\/logo-eninter-png.png","width":600,"height":340,"caption":"Eniter"},"image":{"@id":"https:\/\/www.eninter.com\/pt-pt\/#\/schema\/logo\/image\/"},"sameAs":["https:\/\/www.facebook.com\/EninterAscensores","https:\/\/x.com\/Eninter","https:\/\/www.instagram.com\/eninterascensores\/","https:\/\/www.youtube.com\/user\/ascensoreseninter"]},{"@type":"Person","@id":"https:\/\/www.eninter.com\/pt-pt\/#\/schema\/person\/e6178c261ac4210884c0e0264dd59043","name":"Albert Puig","image":{"@type":"ImageObject","inLanguage":"pt-PT","@id":"https:\/\/secure.gravatar.com\/avatar\/583d07f3f1036f58d0e44e873586278b582179a16b27a5b3951504e9ee001c06?s=96&d=mm&r=g","url":"https:\/\/secure.gravatar.com\/avatar\/583d07f3f1036f58d0e44e873586278b582179a16b27a5b3951504e9ee001c06?s=96&d=mm&r=g","contentUrl":"https:\/\/secure.gravatar.com\/avatar\/583d07f3f1036f58d0e44e873586278b582179a16b27a5b3951504e9ee001c06?s=96&d=mm&r=g","caption":"Albert Puig"}}]}},"_links":{"self":[{"href":"https:\/\/www.eninter.com\/pt-pt\/wp-json\/wp\/v2\/posts\/8790","targetHints":{"allow":["GET"]}}],"collection":[{"href":"https:\/\/www.eninter.com\/pt-pt\/wp-json\/wp\/v2\/posts"}],"about":[{"href":"https:\/\/www.eninter.com\/pt-pt\/wp-json\/wp\/v2\/types\/post"}],"author":[{"embeddable":true,"href":"https:\/\/www.eninter.com\/pt-pt\/wp-json\/wp\/v2\/users\/3"}],"replies":[{"embeddable":true,"href":"https:\/\/www.eninter.com\/pt-pt\/wp-json\/wp\/v2\/comments?post=8790"}],"version-history":[{"count":0,"href":"https:\/\/www.eninter.com\/pt-pt\/wp-json\/wp\/v2\/posts\/8790\/revisions"}],"wp:featuredmedia":[{"embeddable":true,"href":"https:\/\/www.eninter.com\/pt-pt\/wp-json\/wp\/v2\/media\/8020"}],"wp:attachment":[{"href":"https:\/\/www.eninter.com\/pt-pt\/wp-json\/wp\/v2\/media?parent=8790"}],"wp:term":[{"taxonomy":"category","embeddable":true,"href":"https:\/\/www.eninter.com\/pt-pt\/wp-json\/wp\/v2\/categories?post=8790"},{"taxonomy":"post_tag","embeddable":true,"href":"https:\/\/www.eninter.com\/pt-pt\/wp-json\/wp\/v2\/tags?post=8790"}],"curies":[{"name":"wp","href":"https:\/\/api.w.org\/{rel}","templated":true}]}}