{"id":8794,"date":"2015-07-24T12:11:54","date_gmt":"2015-07-24T12:11:54","guid":{"rendered":"https:\/\/www.eninter.com\/historia-das-portas-automaticas\/"},"modified":"2025-01-08T11:43:24","modified_gmt":"2025-01-08T11:43:24","slug":"historia-das-portas-automaticas","status":"publish","type":"post","link":"https:\/\/www.eninter.com\/pt-pt\/historia-das-portas-automaticas\/","title":{"rendered":"Hist\u00f3ria das portas autom\u00e1ticas"},"content":{"rendered":"<p><strong>As portas autom\u00e1ticas<\/strong>, esses dispositivos que fazem tantos favores ao longo do dia, t\u00eam uma hist\u00f3ria bastante curiosa, e n\u00e3o t\u00e3o recente como se poderia pensar. Desde a sua cria\u00e7\u00e3o, s\u00e3o sistemas que permitem a abertura de uma porta sem que a m\u00e3o humana tenha de intervir diretamente com esfor\u00e7o. Atualmente, existem muitos tipos de <strong>actuadores <\/strong>(interruptores, controlos, sensores), embora a maior parte deles seja normalmente fornecida por uma pessoa.<\/p>\n<h2 class=\"Standard\">Quem inventou a primeira porta autom\u00e1tica?<\/h2>\n<p>No passado, na aus\u00eancia de sistemas el\u00e9ctricos, a fonte de energia utilizada para mover as portas autom\u00e1ticas era o <strong>vapor<\/strong>. Isto exerceu uma press\u00e3o suficientemente grande para mover a porta atrav\u00e9s de um sistema de roldanas e transmiss\u00f5es. Segundo a hist\u00f3ria,<strong>a primeira porta autom\u00e1tica foi fabricada no s\u00e9culo I d<\/strong>.C., sendo <strong>Heron de Alexandria<\/strong> o seu \u00fanico fabricante. Este c\u00e9lebre <a href=\"https:\/\/es.wikipedia.org\/wiki\/Her%C3%B3n_de_Alejandr%C3%ADa\" target=\"_blank\" rel=\"noopener\">engenheiro greco-eg\u00edpcio do s\u00e9culo I<\/a> deixou \u00e0 humanidade uma s\u00e9rie de inven\u00e7\u00f5es que sobreviveram at\u00e9 aos nossos dias.<\/p>\n<h2 class=\"Standard\">Portas autom\u00e1ticas com motor el\u00e9trico<\/h2>\n<p>Foi s\u00f3 no s\u00e9culo XIX, com o advento do <strong>motor el\u00e9trico<\/strong>, que a t\u00e9cnica utilizada foi aperfei\u00e7oada de forma positiva. Na <strong>d\u00e9cada de 1920<\/strong>, a <strong>Overhead Door Corporation<\/strong> construiu a primeira porta de garagem autom\u00e1tica basculante.<\/p>\n<h2 class=\"Standard\">Tipos de portas autom\u00e1ticas<\/h2>\n<p>As d\u00e9cadas seguintes foram revolucion\u00e1rias: portas <strong>dobr\u00e1veis<\/strong>, <strong>portas de correr<\/strong>, <strong>portas seccionais<\/strong> e, finalmente, em 1960, foram produzidas portas basculantes. Vinte anos mais tarde, a porta ascendente foi acolhida por sec\u00e7\u00f5es axadrezadas, imitando a forma. Al\u00e9m disso, <strong>nos anos 90, as portas com caixilhos de a\u00e7o, revestidas de alum\u00ednio, fechadas, abertas, etc., j\u00e1 eram fabricadas \u00e0 m\u00e3o<\/strong>.<\/p>\n<h2 class=\"Standard\">A utiliza\u00e7\u00e3o de novos materiais<\/h2>\n<p>Foi tamb\u00e9m dada especial aten\u00e7\u00e3o \u00e0 d\u00e9cada <strong>de 2000<\/strong>, altura em que os caixilhos dos port\u00f5es come\u00e7aram a ser feitos de alum\u00ednio, atingindo uma qualidade superior \u00e0 anterior. Em 2010, o fabrico foi tamb\u00e9m normalizado, tornando grande parte do processo autom\u00e1tico. J\u00e1 n\u00e3o era necess\u00e1rio quebrar a cabe\u00e7a: muitas partes do trabalho eram feitas pelas pr\u00f3prias m\u00e1quinas.<\/p>\n<p>A hist\u00f3ria das <a href=\"https:\/\/www.eninter.com\/pt-pt\/portas-automaticas\/\" target=\"_blank\" rel=\"noopener\">portas autom\u00e1ticas<\/a> remonta a mais de 2000 anos, mas a verdade \u00e9 que, durante todo esse tempo, foi necess\u00e1rio fazer grandes esfor\u00e7os para conseguir progressos. Em todo o caso, ser\u00e1 nos pr\u00f3ximos anos que assistiremos aos desenvolvimentos mais marcantes, sobretudo porque tudo pode ser constru\u00eddo de forma muito mais simples, fazendo grandes progressos num curto espa\u00e7o de tempo.<\/p>\n<p>Em todo o caso, melhorar o parque de <strong>portas autom\u00e1ticas<\/strong> existente n\u00e3o \u00e9 complicado. O objetivo \u00e9 aplicar os crit\u00e9rios de seguran\u00e7a da regulamenta\u00e7\u00e3o em vigor.<\/p>\n","protected":false},"excerpt":{"rendered":"<p>As portas autom\u00e1ticas, esses dispositivos que fazem tantos favores ao longo do dia, t\u00eam uma hist\u00f3ria bastante curiosa, e n\u00e3o t\u00e3o recente como se poderia pensar. Desde a sua cria\u00e7\u00e3o, s\u00e3o sistemas que permitem a abertura de uma porta sem que a m\u00e3o humana tenha de intervir diretamente com esfor\u00e7o. Atualmente, existem muitos tipos de [&hellip;]<\/p>\n","protected":false},"author":3,"featured_media":7742,"comment_status":"closed","ping_status":"closed","sticky":false,"template":"","format":"standard","meta":{"_acf_changed":false,"content-type":"","footnotes":""},"categories":[219],"tags":[],"class_list":["post-8794","post","type-post","status-publish","format-standard","has-post-thumbnail","hentry","category-portas-de-garagem"],"acf":[],"_yoast_wpseo_focuskw":"hist\u00f3ria das portas autom\u00e1ticas","_yoast_wpseo_metadesc":"Quem inventou as portas autom\u00e1ticas? Em que ano? Como \u00e9 que evolu\u00edram ao longo do tempo? Conhe\u00e7a a hist\u00f3ria das portas autom\u00e1ticas.","yoast_head":"<!-- This site is optimized with the Yoast SEO Premium plugin v21.6 (Yoast SEO v27.2) - https:\/\/yoast.com\/product\/yoast-seo-premium-wordpress\/ -->\n<title>Hist\u00f3ria das portas autom\u00e1ticas | Blog Eninter Ascensores<\/title>\n<meta name=\"description\" content=\"Quem inventou as portas autom\u00e1ticas? Em que ano? Como \u00e9 que evolu\u00edram ao longo do tempo? Conhe\u00e7a a hist\u00f3ria das portas autom\u00e1ticas.\" \/>\n<meta name=\"robots\" content=\"index, follow, max-snippet:-1, max-image-preview:large, max-video-preview:-1\" \/>\n<link rel=\"canonical\" href=\"https:\/\/www.eninter.com\/pt-pt\/historia-das-portas-automaticas\/\" \/>\n<meta property=\"og:locale\" content=\"pt_PT\" \/>\n<meta property=\"og:type\" content=\"article\" \/>\n<meta property=\"og:title\" content=\"Hist\u00f3ria das portas autom\u00e1ticas\" \/>\n<meta property=\"og:description\" content=\"Quem inventou as portas autom\u00e1ticas? Em que ano? Como \u00e9 que evolu\u00edram ao longo do tempo? Conhe\u00e7a a hist\u00f3ria das portas autom\u00e1ticas.\" \/>\n<meta property=\"og:url\" content=\"https:\/\/www.eninter.com\/pt-pt\/historia-das-portas-automaticas\/\" \/>\n<meta property=\"og:site_name\" content=\"ENINTER\" \/>\n<meta property=\"article:publisher\" content=\"https:\/\/www.facebook.com\/EninterAscensores\" \/>\n<meta property=\"article:published_time\" content=\"2015-07-24T12:11:54+00:00\" \/>\n<meta property=\"article:modified_time\" content=\"2025-01-08T11:43:24+00:00\" \/>\n<meta property=\"og:image\" content=\"https:\/\/www.eninter.com\/wp-content\/uploads\/2023\/08\/administradores-de-fincas.png\" \/>\n\t<meta property=\"og:image:width\" content=\"540\" \/>\n\t<meta property=\"og:image:height\" content=\"540\" \/>\n\t<meta property=\"og:image:type\" content=\"image\/png\" \/>\n<meta name=\"author\" content=\"Albert Puig\" \/>\n<meta name=\"twitter:card\" content=\"summary_large_image\" \/>\n<meta name=\"twitter:creator\" content=\"@Eninter\" \/>\n<meta name=\"twitter:site\" content=\"@Eninter\" \/>\n<meta name=\"twitter:label1\" content=\"Escrito por\" \/>\n\t<meta name=\"twitter:data1\" content=\"Albert Puig\" \/>\n\t<meta name=\"twitter:label2\" content=\"Tempo estimado de leitura\" \/>\n\t<meta name=\"twitter:data2\" content=\"2 minutos\" \/>\n<!-- \/ Yoast SEO Premium plugin. -->","yoast_head_json":{"title":"Hist\u00f3ria das portas autom\u00e1ticas | Blog Eninter Ascensores","description":"Quem inventou as portas autom\u00e1ticas? Em que ano? Como \u00e9 que evolu\u00edram ao longo do tempo? Conhe\u00e7a a hist\u00f3ria das portas autom\u00e1ticas.","robots":{"index":"index","follow":"follow","max-snippet":"max-snippet:-1","max-image-preview":"max-image-preview:large","max-video-preview":"max-video-preview:-1"},"canonical":"https:\/\/www.eninter.com\/pt-pt\/historia-das-portas-automaticas\/","og_locale":"pt_PT","og_type":"article","og_title":"Hist\u00f3ria das portas autom\u00e1ticas","og_description":"Quem inventou as portas autom\u00e1ticas? Em que ano? Como \u00e9 que evolu\u00edram ao longo do tempo? Conhe\u00e7a a hist\u00f3ria das portas autom\u00e1ticas.","og_url":"https:\/\/www.eninter.com\/pt-pt\/historia-das-portas-automaticas\/","og_site_name":"ENINTER","article_publisher":"https:\/\/www.facebook.com\/EninterAscensores","article_published_time":"2015-07-24T12:11:54+00:00","article_modified_time":"2025-01-08T11:43:24+00:00","og_image":[{"width":540,"height":540,"url":"https:\/\/www.eninter.com\/wp-content\/uploads\/2023\/08\/administradores-de-fincas.png","type":"image\/png"}],"author":"Albert Puig","twitter_card":"summary_large_image","twitter_creator":"@Eninter","twitter_site":"@Eninter","twitter_misc":{"Escrito por":"Albert Puig","Tempo estimado de leitura":"2 minutos"},"schema":{"@context":"https:\/\/schema.org","@graph":[{"@type":"Article","@id":"https:\/\/www.eninter.com\/pt-pt\/historia-das-portas-automaticas\/#article","isPartOf":{"@id":"https:\/\/www.eninter.com\/pt-pt\/historia-das-portas-automaticas\/"},"author":{"name":"Albert Puig","@id":"https:\/\/www.eninter.com\/pt-pt\/#\/schema\/person\/e6178c261ac4210884c0e0264dd59043"},"headline":"Hist\u00f3ria das portas autom\u00e1ticas","datePublished":"2015-07-24T12:11:54+00:00","dateModified":"2025-01-08T11:43:24+00:00","mainEntityOfPage":{"@id":"https:\/\/www.eninter.com\/pt-pt\/historia-das-portas-automaticas\/"},"wordCount":467,"publisher":{"@id":"https:\/\/www.eninter.com\/pt-pt\/#organization"},"image":{"@id":"https:\/\/www.eninter.com\/pt-pt\/historia-das-portas-automaticas\/#primaryimage"},"thumbnailUrl":"https:\/\/www.eninter.com\/wp-content\/uploads\/2023\/08\/administradores-de-fincas.png","articleSection":["Portas de garagem"],"inLanguage":"pt-PT"},{"@type":"WebPage","@id":"https:\/\/www.eninter.com\/pt-pt\/historia-das-portas-automaticas\/","url":"https:\/\/www.eninter.com\/pt-pt\/historia-das-portas-automaticas\/","name":"Hist\u00f3ria das portas autom\u00e1ticas | Blog Eninter Ascensores","isPartOf":{"@id":"https:\/\/www.eninter.com\/pt-pt\/#website"},"primaryImageOfPage":{"@id":"https:\/\/www.eninter.com\/pt-pt\/historia-das-portas-automaticas\/#primaryimage"},"image":{"@id":"https:\/\/www.eninter.com\/pt-pt\/historia-das-portas-automaticas\/#primaryimage"},"thumbnailUrl":"https:\/\/www.eninter.com\/wp-content\/uploads\/2023\/08\/administradores-de-fincas.png","datePublished":"2015-07-24T12:11:54+00:00","dateModified":"2025-01-08T11:43:24+00:00","description":"Quem inventou as portas autom\u00e1ticas? Em que ano? Como \u00e9 que evolu\u00edram ao longo do tempo? Conhe\u00e7a a hist\u00f3ria das portas autom\u00e1ticas.","breadcrumb":{"@id":"https:\/\/www.eninter.com\/pt-pt\/historia-das-portas-automaticas\/#breadcrumb"},"inLanguage":"pt-PT","potentialAction":[{"@type":"ReadAction","target":["https:\/\/www.eninter.com\/pt-pt\/historia-das-portas-automaticas\/"]}]},{"@type":"ImageObject","inLanguage":"pt-PT","@id":"https:\/\/www.eninter.com\/pt-pt\/historia-das-portas-automaticas\/#primaryimage","url":"https:\/\/www.eninter.com\/wp-content\/uploads\/2023\/08\/administradores-de-fincas.png","contentUrl":"https:\/\/www.eninter.com\/wp-content\/uploads\/2023\/08\/administradores-de-fincas.png","width":540,"height":540},{"@type":"BreadcrumbList","@id":"https:\/\/www.eninter.com\/pt-pt\/historia-das-portas-automaticas\/#breadcrumb","itemListElement":[{"@type":"ListItem","position":1,"name":"Portada","item":"https:\/\/www.eninter.com\/pt-pt\/"},{"@type":"ListItem","position":2,"name":"Hist\u00f3ria das portas autom\u00e1ticas"}]},{"@type":"WebSite","@id":"https:\/\/www.eninter.com\/pt-pt\/#website","url":"https:\/\/www.eninter.com\/pt-pt\/","name":"ENINTER","description":"Mantenimiento de Ascensores Multimarca","publisher":{"@id":"https:\/\/www.eninter.com\/pt-pt\/#organization"},"potentialAction":[{"@type":"SearchAction","target":{"@type":"EntryPoint","urlTemplate":"https:\/\/www.eninter.com\/pt-pt\/?s={search_term_string}"},"query-input":{"@type":"PropertyValueSpecification","valueRequired":true,"valueName":"search_term_string"}}],"inLanguage":"pt-PT"},{"@type":"Organization","@id":"https:\/\/www.eninter.com\/pt-pt\/#organization","name":"Eniter","url":"https:\/\/www.eninter.com\/pt-pt\/","logo":{"@type":"ImageObject","inLanguage":"pt-PT","@id":"https:\/\/www.eninter.com\/pt-pt\/#\/schema\/logo\/image\/","url":"https:\/\/www.eninter.com\/wp-content\/uploads\/2023\/08\/logo-eninter-png.png","contentUrl":"https:\/\/www.eninter.com\/wp-content\/uploads\/2023\/08\/logo-eninter-png.png","width":600,"height":340,"caption":"Eniter"},"image":{"@id":"https:\/\/www.eninter.com\/pt-pt\/#\/schema\/logo\/image\/"},"sameAs":["https:\/\/www.facebook.com\/EninterAscensores","https:\/\/x.com\/Eninter","https:\/\/www.instagram.com\/eninterascensores\/","https:\/\/www.youtube.com\/user\/ascensoreseninter"]},{"@type":"Person","@id":"https:\/\/www.eninter.com\/pt-pt\/#\/schema\/person\/e6178c261ac4210884c0e0264dd59043","name":"Albert Puig","image":{"@type":"ImageObject","inLanguage":"pt-PT","@id":"https:\/\/secure.gravatar.com\/avatar\/583d07f3f1036f58d0e44e873586278b582179a16b27a5b3951504e9ee001c06?s=96&d=mm&r=g","url":"https:\/\/secure.gravatar.com\/avatar\/583d07f3f1036f58d0e44e873586278b582179a16b27a5b3951504e9ee001c06?s=96&d=mm&r=g","contentUrl":"https:\/\/secure.gravatar.com\/avatar\/583d07f3f1036f58d0e44e873586278b582179a16b27a5b3951504e9ee001c06?s=96&d=mm&r=g","caption":"Albert Puig"}}]}},"_links":{"self":[{"href":"https:\/\/www.eninter.com\/pt-pt\/wp-json\/wp\/v2\/posts\/8794","targetHints":{"allow":["GET"]}}],"collection":[{"href":"https:\/\/www.eninter.com\/pt-pt\/wp-json\/wp\/v2\/posts"}],"about":[{"href":"https:\/\/www.eninter.com\/pt-pt\/wp-json\/wp\/v2\/types\/post"}],"author":[{"embeddable":true,"href":"https:\/\/www.eninter.com\/pt-pt\/wp-json\/wp\/v2\/users\/3"}],"replies":[{"embeddable":true,"href":"https:\/\/www.eninter.com\/pt-pt\/wp-json\/wp\/v2\/comments?post=8794"}],"version-history":[{"count":0,"href":"https:\/\/www.eninter.com\/pt-pt\/wp-json\/wp\/v2\/posts\/8794\/revisions"}],"wp:featuredmedia":[{"embeddable":true,"href":"https:\/\/www.eninter.com\/pt-pt\/wp-json\/wp\/v2\/media\/7742"}],"wp:attachment":[{"href":"https:\/\/www.eninter.com\/pt-pt\/wp-json\/wp\/v2\/media?parent=8794"}],"wp:term":[{"taxonomy":"category","embeddable":true,"href":"https:\/\/www.eninter.com\/pt-pt\/wp-json\/wp\/v2\/categories?post=8794"},{"taxonomy":"post_tag","embeddable":true,"href":"https:\/\/www.eninter.com\/pt-pt\/wp-json\/wp\/v2\/tags?post=8794"}],"curies":[{"name":"wp","href":"https:\/\/api.w.org\/{rel}","templated":true}]}}