{"id":8800,"date":"2015-05-18T08:50:56","date_gmt":"2015-05-18T08:50:56","guid":{"rendered":"https:\/\/www.eninter.com\/porque-e-que-ha-musica-nos-elevadores\/"},"modified":"2025-01-08T11:39:28","modified_gmt":"2025-01-08T11:39:28","slug":"porque-e-que-ha-musica-nos-elevadores","status":"publish","type":"post","link":"https:\/\/www.eninter.com\/pt-pt\/porque-e-que-ha-musica-nos-elevadores\/","title":{"rendered":"Porque \u00e9 que h\u00e1 m\u00fasica nos elevadores?"},"content":{"rendered":"<p>Certamente que j\u00e1 esteve mais do que uma vez em ambientes onde <strong>a m\u00fasica<\/strong> desempenha um papel especial. E n\u00e3o estamos a falar de quando se vai a um audit\u00f3rio para apreciar um concerto ou um espet\u00e1culo musical, mas sim de m\u00fasica que cria uma atmosfera agrad\u00e1vel em locais espec\u00edficos. Pode muito bem haver <strong>m\u00fasica nos elevadores,<\/strong> em alguns estabelecimentos comerciais, etc.<\/p>\n<h2>M\u00fasica de fundo ou muzak<\/h2>\n<p>Este estilo de m\u00fasica \u00e9 conhecido por diferentes nomes, embora originalmente fosse <strong><br \/>\n  <em>muzak. <\/em><br \/>\n<\/strong>Este termo \u00e9 o nome comercial de uma empresa americana criada em 1920 por George Squires para fornecer m\u00fasica utilizando o telefone como meio.<\/p>\n<p>Este costume foi mais tarde transferido para os elevadores dos arranha-c\u00e9us de Nova Iorque e de outras cidades americanas, como forma de acompanhar e tornar mais agrad\u00e1vel o tempo passado na <a href=\"https:\/\/www.eninter.com\/pt-pt\/cabinas\/\" target=\"_blank\" rel=\"noopener\">cabina do elevador<\/a>.<\/p>\n<p>Na d\u00e9cada de 1940, o costume de utilizar o  <em><a href=\"http:\/\/en.wikipedia.org\/wiki\/Elevator_music\" target=\"_blank\" rel=\"noopener\">muzak<\/a><\/em>  o &#8220;<strong>m\u00fasica de eleva\u00e7\u00e3o<\/strong>&#8220;foi tamb\u00e9m transferido para f\u00e1bricas e empresas com a inten\u00e7\u00e3o de aumentar os \u00edndices de produtividade dos trabalhadores ou empregados, escolhendo neste caso melodias que, segundo os especialistas, podiam ser ouvidas, mas evitando as partes cantadas para n\u00e3o distrair o pessoal.<\/p>\n<p>A m\u00fasica de fundo ou ambiente pode ser ouvida diariamente em restaurantes, lojas, empresas, telefones e elevadores, evitando sempre a utiliza\u00e7\u00e3o de frequ\u00eancias muito altas ou muito baixas para n\u00e3o afetar as pessoas.<\/p>\n<h2>Outros termos pelos quais a m\u00fasica nos elevadores \u00e9 conhecida<\/h2>\n<p>Com o passar do tempo, a m\u00fasica lift passou a ser conhecida por outros termos, como <strong><br \/>\n  <em>easy-listening<\/em><br \/>\n<\/strong> (easy-listening). Trata-se de melodias simples, muitas vezes familiares e descontra\u00eddas. Um estilo musical que evoluiu e que pode ser encontrado hoje em dia, adaptando-se a diferentes g\u00e9neros, como o jazz, o cl\u00e1ssico, o mel\u00f3dico e at\u00e9 o pop tradicional.<\/p>\n<p>A maior parte das <strong>melodias ou m\u00fasicas que ouvimos no elevador<\/strong> s\u00e3o vers\u00f5es instrumentais em que a sua \u00fanica fun\u00e7\u00e3o \u00e9 acompanhar o utilizador, mas n\u00e3o ser o centro das aten\u00e7\u00f5es ou um inc\u00f3modo para a pessoa.<\/p>\n<p>Muitos especialistas em <strong>m\u00fasica ambiente<\/strong> afirmam que se trata de uma cultura ao servi\u00e7o das pessoas e que \u00e9 utilizada para relaxamento, prazer e tamb\u00e9m para aumentar a produ\u00e7\u00e3o.<\/p>\n<h2>M\u00fasica ambiente e de fundo nos elevadores<\/h2>\n<p>Na nossa vida quotidiana, ouvimos m\u00fasica em muitos lugares diferentes e numa variedade cada vez maior de ambientes &#8211; melodias que procuram &#8220;ado\u00e7ar&#8221; o nosso dia a dia.<\/p>\n<p>Pense em tudo isto e, da pr\u00f3xima vez que entrar<strong> num<\/strong> elevador, pergunte a si pr\u00f3prio que efeito est\u00e1 a ter a m\u00fasica de fundo. Se houver uma boa sele\u00e7\u00e3o de m\u00fasica, sentir-se-\u00e1 mais confort\u00e1vel e descontra\u00eddo. Especialmente em ambientes confinados, como um elevador, onde s\u00f3 permanecer\u00e1 durante alguns minutos.<\/p>\n","protected":false},"excerpt":{"rendered":"<p>Certamente que j\u00e1 esteve mais do que uma vez em ambientes onde a m\u00fasica desempenha um papel especial. E n\u00e3o estamos a falar de quando se vai a um audit\u00f3rio para apreciar um concerto ou um espet\u00e1culo musical, mas sim de m\u00fasica que cria uma atmosfera agrad\u00e1vel em locais espec\u00edficos. Pode muito bem haver m\u00fasica [&hellip;]<\/p>\n","protected":false},"author":3,"featured_media":8300,"comment_status":"closed","ping_status":"closed","sticky":false,"template":"","format":"standard","meta":{"_acf_changed":false,"content-type":"","footnotes":""},"categories":[218,215],"tags":[],"class_list":["post-8800","post","type-post","status-publish","format-standard","has-post-thumbnail","hentry","category-curiosidades-pt-pt","category-elevadores"],"acf":[],"_yoast_wpseo_focuskw":"m\u00fasica nos elevadores","_yoast_wpseo_metadesc":"Porque \u00e9 que h\u00e1 m\u00fasica nos elevadores? Que tipo de m\u00fasica \u00e9 esta e que sentimento nos transmite? N\u00f3s explicamos.","yoast_head":"<!-- This site is optimized with the Yoast SEO Premium plugin v21.6 (Yoast SEO v27.2) - https:\/\/yoast.com\/product\/yoast-seo-premium-wordpress\/ -->\n<title>Porque \u00e9 que h\u00e1 m\u00fasica nos elevadores? - ENINTER<\/title>\n<meta name=\"description\" content=\"Porque \u00e9 que h\u00e1 m\u00fasica nos elevadores? Que tipo de m\u00fasica \u00e9 esta e que sentimento nos transmite? N\u00f3s explicamos.\" \/>\n<meta name=\"robots\" content=\"index, follow, max-snippet:-1, max-image-preview:large, max-video-preview:-1\" \/>\n<link rel=\"canonical\" href=\"https:\/\/www.eninter.com\/pt-pt\/porque-e-que-ha-musica-nos-elevadores\/\" \/>\n<meta property=\"og:locale\" content=\"pt_PT\" \/>\n<meta property=\"og:type\" content=\"article\" \/>\n<meta property=\"og:title\" content=\"Porque \u00e9 que h\u00e1 m\u00fasica nos elevadores?\" \/>\n<meta property=\"og:description\" content=\"Porque \u00e9 que h\u00e1 m\u00fasica nos elevadores? Que tipo de m\u00fasica \u00e9 esta e que sentimento nos transmite? N\u00f3s explicamos.\" \/>\n<meta property=\"og:url\" content=\"https:\/\/www.eninter.com\/pt-pt\/porque-e-que-ha-musica-nos-elevadores\/\" \/>\n<meta property=\"og:site_name\" content=\"ENINTER\" \/>\n<meta property=\"article:publisher\" content=\"https:\/\/www.facebook.com\/EninterAscensores\" \/>\n<meta property=\"article:published_time\" content=\"2015-05-18T08:50:56+00:00\" \/>\n<meta property=\"article:modified_time\" content=\"2025-01-08T11:39:28+00:00\" \/>\n<meta property=\"og:image\" content=\"https:\/\/www.eninter.com\/wp-content\/uploads\/2023\/08\/ascensores-de-carga.jpeg\" \/>\n\t<meta property=\"og:image:width\" content=\"640\" \/>\n\t<meta property=\"og:image:height\" content=\"479\" \/>\n\t<meta property=\"og:image:type\" content=\"image\/jpeg\" \/>\n<meta name=\"author\" content=\"Albert Puig\" \/>\n<meta name=\"twitter:card\" content=\"summary_large_image\" \/>\n<meta name=\"twitter:creator\" content=\"@Eninter\" \/>\n<meta name=\"twitter:site\" content=\"@Eninter\" \/>\n<meta name=\"twitter:label1\" content=\"Escrito por\" \/>\n\t<meta name=\"twitter:data1\" content=\"Albert Puig\" \/>\n\t<meta name=\"twitter:label2\" content=\"Tempo estimado de leitura\" \/>\n\t<meta name=\"twitter:data2\" content=\"2 minutos\" \/>\n<!-- \/ Yoast SEO Premium plugin. -->","yoast_head_json":{"title":"Porque \u00e9 que h\u00e1 m\u00fasica nos elevadores? - ENINTER","description":"Porque \u00e9 que h\u00e1 m\u00fasica nos elevadores? Que tipo de m\u00fasica \u00e9 esta e que sentimento nos transmite? N\u00f3s explicamos.","robots":{"index":"index","follow":"follow","max-snippet":"max-snippet:-1","max-image-preview":"max-image-preview:large","max-video-preview":"max-video-preview:-1"},"canonical":"https:\/\/www.eninter.com\/pt-pt\/porque-e-que-ha-musica-nos-elevadores\/","og_locale":"pt_PT","og_type":"article","og_title":"Porque \u00e9 que h\u00e1 m\u00fasica nos elevadores?","og_description":"Porque \u00e9 que h\u00e1 m\u00fasica nos elevadores? Que tipo de m\u00fasica \u00e9 esta e que sentimento nos transmite? N\u00f3s explicamos.","og_url":"https:\/\/www.eninter.com\/pt-pt\/porque-e-que-ha-musica-nos-elevadores\/","og_site_name":"ENINTER","article_publisher":"https:\/\/www.facebook.com\/EninterAscensores","article_published_time":"2015-05-18T08:50:56+00:00","article_modified_time":"2025-01-08T11:39:28+00:00","og_image":[{"width":640,"height":479,"url":"https:\/\/www.eninter.com\/wp-content\/uploads\/2023\/08\/ascensores-de-carga.jpeg","type":"image\/jpeg"}],"author":"Albert Puig","twitter_card":"summary_large_image","twitter_creator":"@Eninter","twitter_site":"@Eninter","twitter_misc":{"Escrito por":"Albert Puig","Tempo estimado de leitura":"2 minutos"},"schema":{"@context":"https:\/\/schema.org","@graph":[{"@type":"Article","@id":"https:\/\/www.eninter.com\/pt-pt\/porque-e-que-ha-musica-nos-elevadores\/#article","isPartOf":{"@id":"https:\/\/www.eninter.com\/pt-pt\/porque-e-que-ha-musica-nos-elevadores\/"},"author":{"name":"Albert Puig","@id":"https:\/\/www.eninter.com\/pt-pt\/#\/schema\/person\/e6178c261ac4210884c0e0264dd59043"},"headline":"Porque \u00e9 que h\u00e1 m\u00fasica nos elevadores?","datePublished":"2015-05-18T08:50:56+00:00","dateModified":"2025-01-08T11:39:28+00:00","mainEntityOfPage":{"@id":"https:\/\/www.eninter.com\/pt-pt\/porque-e-que-ha-musica-nos-elevadores\/"},"wordCount":494,"publisher":{"@id":"https:\/\/www.eninter.com\/pt-pt\/#organization"},"image":{"@id":"https:\/\/www.eninter.com\/pt-pt\/porque-e-que-ha-musica-nos-elevadores\/#primaryimage"},"thumbnailUrl":"https:\/\/www.eninter.com\/wp-content\/uploads\/2023\/08\/ascensores-de-carga.jpeg","articleSection":["Curiosidades","Elevadores"],"inLanguage":"pt-PT"},{"@type":"WebPage","@id":"https:\/\/www.eninter.com\/pt-pt\/porque-e-que-ha-musica-nos-elevadores\/","url":"https:\/\/www.eninter.com\/pt-pt\/porque-e-que-ha-musica-nos-elevadores\/","name":"Porque \u00e9 que h\u00e1 m\u00fasica nos elevadores? - ENINTER","isPartOf":{"@id":"https:\/\/www.eninter.com\/pt-pt\/#website"},"primaryImageOfPage":{"@id":"https:\/\/www.eninter.com\/pt-pt\/porque-e-que-ha-musica-nos-elevadores\/#primaryimage"},"image":{"@id":"https:\/\/www.eninter.com\/pt-pt\/porque-e-que-ha-musica-nos-elevadores\/#primaryimage"},"thumbnailUrl":"https:\/\/www.eninter.com\/wp-content\/uploads\/2023\/08\/ascensores-de-carga.jpeg","datePublished":"2015-05-18T08:50:56+00:00","dateModified":"2025-01-08T11:39:28+00:00","description":"Porque \u00e9 que h\u00e1 m\u00fasica nos elevadores? Que tipo de m\u00fasica \u00e9 esta e que sentimento nos transmite? N\u00f3s explicamos.","breadcrumb":{"@id":"https:\/\/www.eninter.com\/pt-pt\/porque-e-que-ha-musica-nos-elevadores\/#breadcrumb"},"inLanguage":"pt-PT","potentialAction":[{"@type":"ReadAction","target":["https:\/\/www.eninter.com\/pt-pt\/porque-e-que-ha-musica-nos-elevadores\/"]}]},{"@type":"ImageObject","inLanguage":"pt-PT","@id":"https:\/\/www.eninter.com\/pt-pt\/porque-e-que-ha-musica-nos-elevadores\/#primaryimage","url":"https:\/\/www.eninter.com\/wp-content\/uploads\/2023\/08\/ascensores-de-carga.jpeg","contentUrl":"https:\/\/www.eninter.com\/wp-content\/uploads\/2023\/08\/ascensores-de-carga.jpeg","width":640,"height":479},{"@type":"BreadcrumbList","@id":"https:\/\/www.eninter.com\/pt-pt\/porque-e-que-ha-musica-nos-elevadores\/#breadcrumb","itemListElement":[{"@type":"ListItem","position":1,"name":"Portada","item":"https:\/\/www.eninter.com\/pt-pt\/"},{"@type":"ListItem","position":2,"name":"Porque \u00e9 que h\u00e1 m\u00fasica nos elevadores?"}]},{"@type":"WebSite","@id":"https:\/\/www.eninter.com\/pt-pt\/#website","url":"https:\/\/www.eninter.com\/pt-pt\/","name":"ENINTER","description":"Mantenimiento de Ascensores Multimarca","publisher":{"@id":"https:\/\/www.eninter.com\/pt-pt\/#organization"},"potentialAction":[{"@type":"SearchAction","target":{"@type":"EntryPoint","urlTemplate":"https:\/\/www.eninter.com\/pt-pt\/?s={search_term_string}"},"query-input":{"@type":"PropertyValueSpecification","valueRequired":true,"valueName":"search_term_string"}}],"inLanguage":"pt-PT"},{"@type":"Organization","@id":"https:\/\/www.eninter.com\/pt-pt\/#organization","name":"Eniter","url":"https:\/\/www.eninter.com\/pt-pt\/","logo":{"@type":"ImageObject","inLanguage":"pt-PT","@id":"https:\/\/www.eninter.com\/pt-pt\/#\/schema\/logo\/image\/","url":"https:\/\/www.eninter.com\/wp-content\/uploads\/2023\/08\/logo-eninter-png.png","contentUrl":"https:\/\/www.eninter.com\/wp-content\/uploads\/2023\/08\/logo-eninter-png.png","width":600,"height":340,"caption":"Eniter"},"image":{"@id":"https:\/\/www.eninter.com\/pt-pt\/#\/schema\/logo\/image\/"},"sameAs":["https:\/\/www.facebook.com\/EninterAscensores","https:\/\/x.com\/Eninter","https:\/\/www.instagram.com\/eninterascensores\/","https:\/\/www.youtube.com\/user\/ascensoreseninter"]},{"@type":"Person","@id":"https:\/\/www.eninter.com\/pt-pt\/#\/schema\/person\/e6178c261ac4210884c0e0264dd59043","name":"Albert Puig","image":{"@type":"ImageObject","inLanguage":"pt-PT","@id":"https:\/\/secure.gravatar.com\/avatar\/583d07f3f1036f58d0e44e873586278b582179a16b27a5b3951504e9ee001c06?s=96&d=mm&r=g","url":"https:\/\/secure.gravatar.com\/avatar\/583d07f3f1036f58d0e44e873586278b582179a16b27a5b3951504e9ee001c06?s=96&d=mm&r=g","contentUrl":"https:\/\/secure.gravatar.com\/avatar\/583d07f3f1036f58d0e44e873586278b582179a16b27a5b3951504e9ee001c06?s=96&d=mm&r=g","caption":"Albert Puig"}}]}},"_links":{"self":[{"href":"https:\/\/www.eninter.com\/pt-pt\/wp-json\/wp\/v2\/posts\/8800","targetHints":{"allow":["GET"]}}],"collection":[{"href":"https:\/\/www.eninter.com\/pt-pt\/wp-json\/wp\/v2\/posts"}],"about":[{"href":"https:\/\/www.eninter.com\/pt-pt\/wp-json\/wp\/v2\/types\/post"}],"author":[{"embeddable":true,"href":"https:\/\/www.eninter.com\/pt-pt\/wp-json\/wp\/v2\/users\/3"}],"replies":[{"embeddable":true,"href":"https:\/\/www.eninter.com\/pt-pt\/wp-json\/wp\/v2\/comments?post=8800"}],"version-history":[{"count":0,"href":"https:\/\/www.eninter.com\/pt-pt\/wp-json\/wp\/v2\/posts\/8800\/revisions"}],"wp:featuredmedia":[{"embeddable":true,"href":"https:\/\/www.eninter.com\/pt-pt\/wp-json\/wp\/v2\/media\/8300"}],"wp:attachment":[{"href":"https:\/\/www.eninter.com\/pt-pt\/wp-json\/wp\/v2\/media?parent=8800"}],"wp:term":[{"taxonomy":"category","embeddable":true,"href":"https:\/\/www.eninter.com\/pt-pt\/wp-json\/wp\/v2\/categories?post=8800"},{"taxonomy":"post_tag","embeddable":true,"href":"https:\/\/www.eninter.com\/pt-pt\/wp-json\/wp\/v2\/tags?post=8800"}],"curies":[{"name":"wp","href":"https:\/\/api.w.org\/{rel}","templated":true}]}}