{"id":8806,"date":"2015-04-17T13:30:38","date_gmt":"2015-04-17T13:30:38","guid":{"rendered":"https:\/\/www.eninter.com\/situacoes-incomodas-nos-elevadores-ja-lhe-aconteceram\/"},"modified":"2023-12-15T10:03:38","modified_gmt":"2023-12-15T10:03:38","slug":"situacoes-incomodas-nos-elevadores-ja-lhe-aconteceram","status":"publish","type":"post","link":"https:\/\/www.eninter.com\/pt-pt\/situacoes-incomodas-nos-elevadores-ja-lhe-aconteceram\/","title":{"rendered":"Situa\u00e7\u00f5es inc\u00f3modas nos elevadores, j\u00e1 lhe aconteceram?"},"content":{"rendered":"<p style=\"text-align: justify;\">Embora n\u00e3o se passe muito tempo nos elevadores, o facto de serem espa\u00e7os muitas vezes confinados pode levar a algumas situa\u00e7\u00f5es embara\u00e7osas, curiosas ou mesmo divertidas em alguns casos. Vamos rev\u00ea-las.<\/p>\n<h2 style=\"text-align: justify;\">Lista de situa\u00e7\u00f5es inc\u00f3modas que podem ocorrer nos elevadores<\/h2>\n<ol style=\"text-align: justify;\">\n<li>O facto de algu\u00e9m ter feito uma <strong>ch\u00e1vena<\/strong> \u00e9 muitas vezes um dos clich\u00e9s de que se fala quando se trata deste assunto. Os fumos, odores e afins podem ser desagrad\u00e1veis.<\/li>\n<li>Que algu\u00e9m est\u00e1 a fazer algo <strong>de que<\/strong> n\u00e3o gosta, como tirar o dedo do nariz&#8230;<\/li>\n<li>Ficar <a href=\"https:\/\/www.eninter.com\/blog\/atrapado-ascensor\/\" target=\"_blank\" rel=\"noopener\"><br \/>\n  <strong>preso no elevador<\/strong><br \/>\n<\/a> sem poder sair nem fazer nada, apenas \u00e0 espera que algu\u00e9m se lembre de si e venha em seu socorro.<\/li>\n<li>Conhecer a <strong>pessoa de quem se gosta<\/strong> e n\u00e3o poder evitar a situa\u00e7\u00e3o, especialmente se o espa\u00e7o entre voc\u00eas for muito pequeno.<\/li>\n<li>Fazer <strong>posturas estranhas em frente ao espelho<\/strong> ou algo fora do normal quando a porta se abre e algu\u00e9m observa o que est\u00e1 a fazer.<\/li>\n<li><strong>Animais de estima\u00e7\u00e3o.<\/strong> Dependendo do animal ou do car\u00e1cter do animal, isto pode levar a situa\u00e7\u00f5es bastante desconfort\u00e1veis.<\/li>\n<li>Conhecer o <strong>seu chefe<\/strong>. Tamb\u00e9m tende a ocorrer quando h\u00e1 uma certa tens\u00e3o no trabalho.<\/li>\n<li>Uma pessoa que transporta um grande n\u00famero de <strong>pacotes ou sacos<\/strong>, ocupando a maior parte do elevador.<\/li>\n<li>Andar a <strong>p\u00e9<\/strong>: \u00e9 quando, por engano, se liga para o andar errado e se anda para cima e para baixo no edif\u00edcio, fazendo v\u00e1rias paragens ao longo do mesmo.<\/li>\n<li>Ser <strong>esmagado pela porta<\/strong>. Outra situa\u00e7\u00e3o cl\u00e1ssica: quando estamos prestes a entrar e o elevador est\u00e1 cheio de pessoas, fecha-se, esmagando-nos e fazendo-nos passar por parvos.<\/li>\n<\/ol>\n<p style=\"text-align: justify;\">Para al\u00e9m de tudo isto, podem acontecer muitas coisas nos elevadores que n\u00e3o s\u00e3o do agrado de todos ou que simplesmente n\u00e3o s\u00e3o do agrado de todos, mas \u00e9 preciso saber adaptar-se \u00e0s situa\u00e7\u00f5es e lidar com elas da melhor forma poss\u00edvel. Normalmente n\u00e3o acontecem, mas podem acontecer a qualquer momento e \u00e9 preciso saber como se preparar para esse momento. E, na realidade, o que \u00e9 desconfort\u00e1vel ou n\u00e3o depende da pessoa que o percepciona, uma vez que, para alguns, algumas das situa\u00e7\u00f5es mencionadas podem ser bastante normais, enquanto para outros podem ser realmente desagrad\u00e1veis.<\/p>\n<p style=\"text-align: justify;\">E voc\u00ea, qual foi o momento mais desconfort\u00e1vel que viveu num elevador?<\/p>\n","protected":false},"excerpt":{"rendered":"<p>Embora n\u00e3o se passe muito tempo nos elevadores, o facto de serem espa\u00e7os muitas vezes confinados pode levar a algumas situa\u00e7\u00f5es embara\u00e7osas, curiosas ou mesmo divertidas em alguns casos. Vamos rev\u00ea-las. Lista de situa\u00e7\u00f5es inc\u00f3modas que podem ocorrer nos elevadores O facto de algu\u00e9m ter feito uma ch\u00e1vena \u00e9 muitas vezes um dos clich\u00e9s de [&hellip;]<\/p>\n","protected":false},"author":3,"featured_media":9457,"comment_status":"open","ping_status":"open","sticky":false,"template":"","format":"standard","meta":{"_acf_changed":false,"content-type":"","footnotes":""},"categories":[215],"tags":[],"class_list":["post-8806","post","type-post","status-publish","format-standard","has-post-thumbnail","hentry","category-elevadores"],"acf":[],"_yoast_wpseo_focuskw":"situa\u00e7\u00f5es embara\u00e7osas nos elevadores","_yoast_wpseo_metadesc":"Quando entramos num elevador, podemos passar por momentos inc\u00f3modos e at\u00e9 embara\u00e7osos. Eis uma lista de situa\u00e7\u00f5es inc\u00f3modas nos elevadores.","yoast_head":"<!-- This site is optimized with the Yoast SEO Premium plugin v21.6 (Yoast SEO v27.2) - https:\/\/yoast.com\/product\/yoast-seo-premium-wordpress\/ -->\n<title>Situa\u00e7\u00f5es inc\u00f3modas nos elevadores, j\u00e1 lhe aconteceram? - ENINTER<\/title>\n<meta name=\"description\" content=\"Quando entramos num elevador, podemos passar por momentos inc\u00f3modos e at\u00e9 embara\u00e7osos. Eis uma lista de situa\u00e7\u00f5es inc\u00f3modas nos elevadores.\" \/>\n<meta name=\"robots\" content=\"index, follow, max-snippet:-1, max-image-preview:large, max-video-preview:-1\" \/>\n<link rel=\"canonical\" href=\"https:\/\/www.eninter.com\/pt-pt\/situacoes-incomodas-nos-elevadores-ja-lhe-aconteceram\/\" \/>\n<meta property=\"og:locale\" content=\"pt_PT\" \/>\n<meta property=\"og:type\" content=\"article\" \/>\n<meta property=\"og:title\" content=\"Situa\u00e7\u00f5es inc\u00f3modas nos elevadores, j\u00e1 lhe aconteceram?\" \/>\n<meta property=\"og:description\" content=\"Quando entramos num elevador, podemos passar por momentos inc\u00f3modos e at\u00e9 embara\u00e7osos. Eis uma lista de situa\u00e7\u00f5es inc\u00f3modas nos elevadores.\" \/>\n<meta property=\"og:url\" content=\"https:\/\/www.eninter.com\/pt-pt\/situacoes-incomodas-nos-elevadores-ja-lhe-aconteceram\/\" \/>\n<meta property=\"og:site_name\" content=\"ENINTER\" \/>\n<meta property=\"article:publisher\" content=\"https:\/\/www.facebook.com\/EninterAscensores\" \/>\n<meta property=\"article:published_time\" content=\"2015-04-17T13:30:38+00:00\" \/>\n<meta property=\"article:modified_time\" content=\"2023-12-15T10:03:38+00:00\" \/>\n<meta property=\"og:image\" content=\"https:\/\/www.eninter.com\/wp-content\/uploads\/2015\/04\/post-instagram-community-manager.png\" \/>\n\t<meta property=\"og:image:width\" content=\"1080\" \/>\n\t<meta property=\"og:image:height\" content=\"1080\" \/>\n\t<meta property=\"og:image:type\" content=\"image\/png\" \/>\n<meta name=\"author\" content=\"Albert Puig\" \/>\n<meta name=\"twitter:card\" content=\"summary_large_image\" \/>\n<meta name=\"twitter:creator\" content=\"@Eninter\" \/>\n<meta name=\"twitter:site\" content=\"@Eninter\" \/>\n<meta name=\"twitter:label1\" content=\"Escrito por\" \/>\n\t<meta name=\"twitter:data1\" content=\"Albert Puig\" \/>\n\t<meta name=\"twitter:label2\" content=\"Tempo estimado de leitura\" \/>\n\t<meta name=\"twitter:data2\" content=\"2 minutos\" \/>\n<!-- \/ Yoast SEO Premium plugin. -->","yoast_head_json":{"title":"Situa\u00e7\u00f5es inc\u00f3modas nos elevadores, j\u00e1 lhe aconteceram? - ENINTER","description":"Quando entramos num elevador, podemos passar por momentos inc\u00f3modos e at\u00e9 embara\u00e7osos. Eis uma lista de situa\u00e7\u00f5es inc\u00f3modas nos elevadores.","robots":{"index":"index","follow":"follow","max-snippet":"max-snippet:-1","max-image-preview":"max-image-preview:large","max-video-preview":"max-video-preview:-1"},"canonical":"https:\/\/www.eninter.com\/pt-pt\/situacoes-incomodas-nos-elevadores-ja-lhe-aconteceram\/","og_locale":"pt_PT","og_type":"article","og_title":"Situa\u00e7\u00f5es inc\u00f3modas nos elevadores, j\u00e1 lhe aconteceram?","og_description":"Quando entramos num elevador, podemos passar por momentos inc\u00f3modos e at\u00e9 embara\u00e7osos. Eis uma lista de situa\u00e7\u00f5es inc\u00f3modas nos elevadores.","og_url":"https:\/\/www.eninter.com\/pt-pt\/situacoes-incomodas-nos-elevadores-ja-lhe-aconteceram\/","og_site_name":"ENINTER","article_publisher":"https:\/\/www.facebook.com\/EninterAscensores","article_published_time":"2015-04-17T13:30:38+00:00","article_modified_time":"2023-12-15T10:03:38+00:00","og_image":[{"width":1080,"height":1080,"url":"https:\/\/www.eninter.com\/wp-content\/uploads\/2015\/04\/post-instagram-community-manager.png","type":"image\/png"}],"author":"Albert Puig","twitter_card":"summary_large_image","twitter_creator":"@Eninter","twitter_site":"@Eninter","twitter_misc":{"Escrito por":"Albert Puig","Tempo estimado de leitura":"2 minutos"},"schema":{"@context":"https:\/\/schema.org","@graph":[{"@type":"Article","@id":"https:\/\/www.eninter.com\/pt-pt\/situacoes-incomodas-nos-elevadores-ja-lhe-aconteceram\/#article","isPartOf":{"@id":"https:\/\/www.eninter.com\/pt-pt\/situacoes-incomodas-nos-elevadores-ja-lhe-aconteceram\/"},"author":{"name":"Albert Puig","@id":"https:\/\/www.eninter.com\/pt-pt\/#\/schema\/person\/e6178c261ac4210884c0e0264dd59043"},"headline":"Situa\u00e7\u00f5es inc\u00f3modas nos elevadores, j\u00e1 lhe aconteceram?","datePublished":"2015-04-17T13:30:38+00:00","dateModified":"2023-12-15T10:03:38+00:00","mainEntityOfPage":{"@id":"https:\/\/www.eninter.com\/pt-pt\/situacoes-incomodas-nos-elevadores-ja-lhe-aconteceram\/"},"wordCount":418,"commentCount":0,"publisher":{"@id":"https:\/\/www.eninter.com\/pt-pt\/#organization"},"image":{"@id":"https:\/\/www.eninter.com\/pt-pt\/situacoes-incomodas-nos-elevadores-ja-lhe-aconteceram\/#primaryimage"},"thumbnailUrl":"https:\/\/www.eninter.com\/wp-content\/uploads\/2015\/04\/post-instagram-community-manager.png","articleSection":["Elevadores"],"inLanguage":"pt-PT","potentialAction":[{"@type":"CommentAction","name":"Comment","target":["https:\/\/www.eninter.com\/pt-pt\/situacoes-incomodas-nos-elevadores-ja-lhe-aconteceram\/#respond"]}]},{"@type":"WebPage","@id":"https:\/\/www.eninter.com\/pt-pt\/situacoes-incomodas-nos-elevadores-ja-lhe-aconteceram\/","url":"https:\/\/www.eninter.com\/pt-pt\/situacoes-incomodas-nos-elevadores-ja-lhe-aconteceram\/","name":"Situa\u00e7\u00f5es inc\u00f3modas nos elevadores, j\u00e1 lhe aconteceram? - ENINTER","isPartOf":{"@id":"https:\/\/www.eninter.com\/pt-pt\/#website"},"primaryImageOfPage":{"@id":"https:\/\/www.eninter.com\/pt-pt\/situacoes-incomodas-nos-elevadores-ja-lhe-aconteceram\/#primaryimage"},"image":{"@id":"https:\/\/www.eninter.com\/pt-pt\/situacoes-incomodas-nos-elevadores-ja-lhe-aconteceram\/#primaryimage"},"thumbnailUrl":"https:\/\/www.eninter.com\/wp-content\/uploads\/2015\/04\/post-instagram-community-manager.png","datePublished":"2015-04-17T13:30:38+00:00","dateModified":"2023-12-15T10:03:38+00:00","description":"Quando entramos num elevador, podemos passar por momentos inc\u00f3modos e at\u00e9 embara\u00e7osos. Eis uma lista de situa\u00e7\u00f5es inc\u00f3modas nos elevadores.","breadcrumb":{"@id":"https:\/\/www.eninter.com\/pt-pt\/situacoes-incomodas-nos-elevadores-ja-lhe-aconteceram\/#breadcrumb"},"inLanguage":"pt-PT","potentialAction":[{"@type":"ReadAction","target":["https:\/\/www.eninter.com\/pt-pt\/situacoes-incomodas-nos-elevadores-ja-lhe-aconteceram\/"]}]},{"@type":"ImageObject","inLanguage":"pt-PT","@id":"https:\/\/www.eninter.com\/pt-pt\/situacoes-incomodas-nos-elevadores-ja-lhe-aconteceram\/#primaryimage","url":"https:\/\/www.eninter.com\/wp-content\/uploads\/2015\/04\/post-instagram-community-manager.png","contentUrl":"https:\/\/www.eninter.com\/wp-content\/uploads\/2015\/04\/post-instagram-community-manager.png","width":1080,"height":1080},{"@type":"BreadcrumbList","@id":"https:\/\/www.eninter.com\/pt-pt\/situacoes-incomodas-nos-elevadores-ja-lhe-aconteceram\/#breadcrumb","itemListElement":[{"@type":"ListItem","position":1,"name":"Portada","item":"https:\/\/www.eninter.com\/pt-pt\/"},{"@type":"ListItem","position":2,"name":"Situa\u00e7\u00f5es inc\u00f3modas nos elevadores, j\u00e1 lhe aconteceram?"}]},{"@type":"WebSite","@id":"https:\/\/www.eninter.com\/pt-pt\/#website","url":"https:\/\/www.eninter.com\/pt-pt\/","name":"ENINTER","description":"Mantenimiento de Ascensores Multimarca","publisher":{"@id":"https:\/\/www.eninter.com\/pt-pt\/#organization"},"potentialAction":[{"@type":"SearchAction","target":{"@type":"EntryPoint","urlTemplate":"https:\/\/www.eninter.com\/pt-pt\/?s={search_term_string}"},"query-input":{"@type":"PropertyValueSpecification","valueRequired":true,"valueName":"search_term_string"}}],"inLanguage":"pt-PT"},{"@type":"Organization","@id":"https:\/\/www.eninter.com\/pt-pt\/#organization","name":"Eniter","url":"https:\/\/www.eninter.com\/pt-pt\/","logo":{"@type":"ImageObject","inLanguage":"pt-PT","@id":"https:\/\/www.eninter.com\/pt-pt\/#\/schema\/logo\/image\/","url":"https:\/\/www.eninter.com\/wp-content\/uploads\/2023\/08\/logo-eninter-png.png","contentUrl":"https:\/\/www.eninter.com\/wp-content\/uploads\/2023\/08\/logo-eninter-png.png","width":600,"height":340,"caption":"Eniter"},"image":{"@id":"https:\/\/www.eninter.com\/pt-pt\/#\/schema\/logo\/image\/"},"sameAs":["https:\/\/www.facebook.com\/EninterAscensores","https:\/\/x.com\/Eninter","https:\/\/www.instagram.com\/eninterascensores\/","https:\/\/www.youtube.com\/user\/ascensoreseninter"]},{"@type":"Person","@id":"https:\/\/www.eninter.com\/pt-pt\/#\/schema\/person\/e6178c261ac4210884c0e0264dd59043","name":"Albert Puig","image":{"@type":"ImageObject","inLanguage":"pt-PT","@id":"https:\/\/secure.gravatar.com\/avatar\/583d07f3f1036f58d0e44e873586278b582179a16b27a5b3951504e9ee001c06?s=96&d=mm&r=g","url":"https:\/\/secure.gravatar.com\/avatar\/583d07f3f1036f58d0e44e873586278b582179a16b27a5b3951504e9ee001c06?s=96&d=mm&r=g","contentUrl":"https:\/\/secure.gravatar.com\/avatar\/583d07f3f1036f58d0e44e873586278b582179a16b27a5b3951504e9ee001c06?s=96&d=mm&r=g","caption":"Albert Puig"}}]}},"_links":{"self":[{"href":"https:\/\/www.eninter.com\/pt-pt\/wp-json\/wp\/v2\/posts\/8806","targetHints":{"allow":["GET"]}}],"collection":[{"href":"https:\/\/www.eninter.com\/pt-pt\/wp-json\/wp\/v2\/posts"}],"about":[{"href":"https:\/\/www.eninter.com\/pt-pt\/wp-json\/wp\/v2\/types\/post"}],"author":[{"embeddable":true,"href":"https:\/\/www.eninter.com\/pt-pt\/wp-json\/wp\/v2\/users\/3"}],"replies":[{"embeddable":true,"href":"https:\/\/www.eninter.com\/pt-pt\/wp-json\/wp\/v2\/comments?post=8806"}],"version-history":[{"count":0,"href":"https:\/\/www.eninter.com\/pt-pt\/wp-json\/wp\/v2\/posts\/8806\/revisions"}],"wp:featuredmedia":[{"embeddable":true,"href":"https:\/\/www.eninter.com\/pt-pt\/wp-json\/wp\/v2\/media\/9457"}],"wp:attachment":[{"href":"https:\/\/www.eninter.com\/pt-pt\/wp-json\/wp\/v2\/media?parent=8806"}],"wp:term":[{"taxonomy":"category","embeddable":true,"href":"https:\/\/www.eninter.com\/pt-pt\/wp-json\/wp\/v2\/categories?post=8806"},{"taxonomy":"post_tag","embeddable":true,"href":"https:\/\/www.eninter.com\/pt-pt\/wp-json\/wp\/v2\/tags?post=8806"}],"curies":[{"name":"wp","href":"https:\/\/api.w.org\/{rel}","templated":true}]}}